{"id":3930,"date":"2022-02-17T15:29:12","date_gmt":"2022-02-17T15:29:12","guid":{"rendered":"http:\/\/www.putaendo.cl\/municipalidad\/?p=3930"},"modified":"2022-03-02T15:32:12","modified_gmt":"2022-03-02T15:32:12","slug":"alcalde-mauricio-quiroz-anuncia-la-creacion-de-la-oficina-comunal-de-inclusion-y-discapacidad-de-putaendo","status":"publish","type":"post","link":"https:\/\/www.putaendo.cl\/municipalidad\/2022\/02\/17\/alcalde-mauricio-quiroz-anuncia-la-creacion-de-la-oficina-comunal-de-inclusion-y-discapacidad-de-putaendo\/","title":{"rendered":"Alcalde Mauricio Quiroz anuncia la creaci\u00f3n de la Oficina Comunal de Inclusi\u00f3n y Discapacidad de Putaendo"},"content":{"rendered":"<p>La nueva entidad comenzar\u00e1 a funcionar en las pr\u00f3ximas semanas y, entre sus objetivos, se encuentra fomentar el desarrollo de pol\u00edticas locales en la tem\u00e1tica de la inclusi\u00f3n en la comuna de Putaendo, mediante una gesti\u00f3n municipal eficiente que permita promover la igualdad de oportunidades, con el fin de avanzar hacia la inclusi\u00f3n social, educativa y laboral de las personas en situaci\u00f3n de discapacidad.<\/p>\n<p>De esta forma, se pretende contribuir a prevenir cualquier discriminaci\u00f3n arbitraria que se ejerza contra cualquier persona y ayudar a repararla.<\/p>\n<p>En este mismo contexto, el alcalde Quiroz escuch\u00f3 los planteamientos de las personas en situaci\u00f3n de discapacidad que estuvieron manifest\u00e1ndose en el centro de la comuna durante la ma\u00f1ana de este jueves. Habr\u00e1 una reuni\u00f3n formal este s\u00e1bado durante la ma\u00f1ana para trabajar junto a ellos en tem\u00e1ticas comunales.<\/p>\n<p>Por otro lado, en el \u00e1mbito de la inclusi\u00f3n, tambi\u00e9n se potenciar\u00e1 la participaci\u00f3n social de la comunidad LGTBIQ+, adem\u00e1s de promover el respeto y los derechos de las diferentes identidades de g\u00e9nero.<\/p>\n<p>#DESTACAMOS\ud83d\ude03: [Alcalde Mauricio Quiroz anuncia la creaci\u00f3n de la Oficina Comunal de Inclusi\u00f3n y Discapacidad de Putaendo]<\/p>\n<p>\u2705La nueva entidad comenzar\u00e1 a funcionar en las pr\u00f3ximas semanas y, entre sus objetivos, se encuentra fomentar el desarrollo de pol\u00edticas locales en la tem\u00e1tica de la inclusi\u00f3n en la comuna de Putaendo, mediante una gesti\u00f3n municipal eficiente que<\/p>\n<p><img loading=\"lazy\" decoding=\"async\" src=\"https:\/\/www.putaendo.cl\/municipalidad\/wp-content\/uploads\/2022\/03\/agrupacion-de-discapacitados-1536x1175-300x229.jpg\" alt=\"\" width=\"300\" height=\"229\" class=\"alignnone size-medium wp-image-3931\" srcset=\"https:\/\/www.putaendo.cl\/municipalidad\/wp-content\/uploads\/2022\/03\/agrupacion-de-discapacitados-1536x1175-300x229.jpg 300w, https:\/\/www.putaendo.cl\/municipalidad\/wp-content\/uploads\/2022\/03\/agrupacion-de-discapacitados-1536x1175-768x588.jpg 768w, https:\/\/www.putaendo.cl\/municipalidad\/wp-content\/uploads\/2022\/03\/agrupacion-de-discapacitados-1536x1175-1024x783.jpg 1024w, https:\/\/www.putaendo.cl\/municipalidad\/wp-content\/uploads\/2022\/03\/agrupacion-de-discapacitados-1536x1175.jpg 1536w\" sizes=\"auto, (max-width: 300px) 100vw, 300px\" \/><\/p>\n","protected":false},"excerpt":{"rendered":"<p>La nueva entidad comenzar\u00e1 a funcionar en las pr\u00f3ximas semanas y, entre sus objetivos, se encuentra fomentar el desarrollo de pol\u00edticas locales en la tem\u00e1tica de la inclusi\u00f3n en la <a href=\"https:\/\/www.putaendo.cl\/municipalidad\/2022\/02\/17\/alcalde-mauricio-quiroz-anuncia-la-creacion-de-la-oficina-comunal-de-inclusion-y-discapacidad-de-putaendo\/\" class=\"read-more button-fancy -red\"><span class=\"btn-arrow\"><\/span><span class=\"twp-read-more text\">Continue leyendo<\/span><\/a><\/p>\n","protected":false},"author":1,"featured_media":3932,"comment_status":"open","ping_status":"open","sticky":false,"template":"","format":"standard","meta":{"footnotes":""},"categories":[1],"tags":[],"class_list":["post-3930","post","type-post","status-publish","format-standard","has-post-thumbnail","hentry","category-sin-categoria"],"_links":{"self":[{"href":"https:\/\/www.putaendo.cl\/municipalidad\/wp-json\/wp\/v2\/posts\/3930","targetHints":{"allow":["GET"]}}],"collection":[{"href":"https:\/\/www.putaendo.cl\/municipalidad\/wp-json\/wp\/v2\/posts"}],"about":[{"href":"https:\/\/www.putaendo.cl\/municipalidad\/wp-json\/wp\/v2\/types\/post"}],"author":[{"embeddable":true,"href":"https:\/\/www.putaendo.cl\/municipalidad\/wp-json\/wp\/v2\/users\/1"}],"replies":[{"embeddable":true,"href":"https:\/\/www.putaendo.cl\/municipalidad\/wp-json\/wp\/v2\/comments?post=3930"}],"version-history":[{"count":1,"href":"https:\/\/www.putaendo.cl\/municipalidad\/wp-json\/wp\/v2\/posts\/3930\/revisions"}],"predecessor-version":[{"id":3933,"href":"https:\/\/www.putaendo.cl\/municipalidad\/wp-json\/wp\/v2\/posts\/3930\/revisions\/3933"}],"wp:featuredmedia":[{"embeddable":true,"href":"https:\/\/www.putaendo.cl\/municipalidad\/wp-json\/wp\/v2\/media\/3932"}],"wp:attachment":[{"href":"https:\/\/www.putaendo.cl\/municipalidad\/wp-json\/wp\/v2\/media?parent=3930"}],"wp:term":[{"taxonomy":"category","embeddable":true,"href":"https:\/\/www.putaendo.cl\/municipalidad\/wp-json\/wp\/v2\/categories?post=3930"},{"taxonomy":"post_tag","embeddable":true,"href":"https:\/\/www.putaendo.cl\/municipalidad\/wp-json\/wp\/v2\/tags?post=3930"}],"curies":[{"name":"wp","href":"https:\/\/api.w.org\/{rel}","templated":true}]}}