{"id":3823,"date":"2021-09-01T17:57:00","date_gmt":"2021-09-01T17:57:00","guid":{"rendered":"http:\/\/www.putaendo.cl\/municipalidad\/?p=3823"},"modified":"2021-09-20T18:23:29","modified_gmt":"2021-09-20T18:23:29","slug":"mas-de-20-personas-mayores-de-putaendo-se-graduan-y-renuevan-su-sabiduria-como-lideres-comunitarios","status":"publish","type":"post","link":"https:\/\/www.putaendo.cl\/municipalidad\/2021\/09\/01\/mas-de-20-personas-mayores-de-putaendo-se-graduan-y-renuevan-su-sabiduria-como-lideres-comunitarios\/","title":{"rendered":"M\u00e1s de 20 personas mayores de Putaendo se grad\u00faan y renuevan su sabidur\u00eda como L\u00edderes Comunitarios"},"content":{"rendered":"<p><strong>Seis vecinas y vecinos de Putaendo, pertenecientes a la quinta generaci\u00f3n de la iniciativa, fueron certificados por el Programa M\u00e1s Adultos Mayores Autovalentes del Cesfam Valle de Los Libertadores. Adem\u00e1s, 16 personas actualizaron sus conocimientos en diversas tem\u00e1ticas de inter\u00e9s.<\/strong><\/p>\n<p>El alcalde Mauricio Quiroz, junto a integrantes del Concejo Municipal y directivos participaron de la amena ceremonia de graduaci\u00f3n de la Escuela de L\u00edderes Comunitarios, que es parte del Programa M\u00e1s Adultos Mayores Autovalentes, del Cesfam Valle de Los Libertadores.<\/p>\n<p>Se trata de la quinta generaci\u00f3n de personas mayores que recibe asesor\u00edas y capacitaci\u00f3n en diferentes aspectos sobre la vida social y comunitaria. De esta manera, durante varios meses pudieron abordar tem\u00e1ticas tales como:<\/p>\n<p>\u2705Envejecimiento activo.<br \/>\n\u2705Din\u00e1micas participativas<br \/>\n\u2705Ciclo Vital: Muerte-Duelo-Espiritualidad.<br \/>\n\u2705Sexualidad en los adultos mayores.<br \/>\n\u2705Estimulaci\u00f3n de funciones motoras.<br \/>\n\u2705Estimulaci\u00f3n de funciones cognitivas.<br \/>\n\u2705Alimentaci\u00f3n saludable.<br \/>\nPor otro lado, 16 personas mayores fueron tambi\u00e9n certificadas en actualizaci\u00f3n de sus conocimientos al respecto, adem\u00e1s de ser usuarias y usuarios que siguen participando del programa, liderando acciones y campa\u00f1as solidarias.<br \/>\nCabe mencionar que desde el a\u00f1o 2017 existe esta Escuela de L\u00edderes Comunitarios que ha compartido experiencias y entregado conocimientos a cientos de personas mayores de todo Putaendo.<br \/>\nFelicidades!!<\/p>\n<p><img loading=\"lazy\" decoding=\"async\" src=\"https:\/\/www.putaendo.cl\/municipalidad\/wp-content\/uploads\/2021\/09\/Alcalde-Mauricio-Quiroz-31-de-Agosto-2021-300x217.jpg\" alt=\"\" width=\"300\" height=\"217\" class=\"alignnone size-medium wp-image-3824\" srcset=\"https:\/\/www.putaendo.cl\/municipalidad\/wp-content\/uploads\/2021\/09\/Alcalde-Mauricio-Quiroz-31-de-Agosto-2021-300x217.jpg 300w, https:\/\/www.putaendo.cl\/municipalidad\/wp-content\/uploads\/2021\/09\/Alcalde-Mauricio-Quiroz-31-de-Agosto-2021-768x557.jpg 768w, https:\/\/www.putaendo.cl\/municipalidad\/wp-content\/uploads\/2021\/09\/Alcalde-Mauricio-Quiroz-31-de-Agosto-2021-1024x742.jpg 1024w, https:\/\/www.putaendo.cl\/municipalidad\/wp-content\/uploads\/2021\/09\/Alcalde-Mauricio-Quiroz-31-de-Agosto-2021.jpg 2048w\" sizes=\"auto, (max-width: 300px) 100vw, 300px\" \/><\/p>\n<p><img loading=\"lazy\" decoding=\"async\" src=\"https:\/\/www.putaendo.cl\/municipalidad\/wp-content\/uploads\/2021\/09\/Ceremonia-Graduaci\u00f3n-L\u00edderes-Comunitarios-Putaendo-2021-300x200.jpg\" alt=\"\" width=\"300\" height=\"200\" class=\"alignnone size-medium wp-image-3825\" srcset=\"https:\/\/www.putaendo.cl\/municipalidad\/wp-content\/uploads\/2021\/09\/Ceremonia-Graduaci\u00f3n-L\u00edderes-Comunitarios-Putaendo-2021-300x200.jpg 300w, https:\/\/www.putaendo.cl\/municipalidad\/wp-content\/uploads\/2021\/09\/Ceremonia-Graduaci\u00f3n-L\u00edderes-Comunitarios-Putaendo-2021-768x512.jpg 768w, https:\/\/www.putaendo.cl\/municipalidad\/wp-content\/uploads\/2021\/09\/Ceremonia-Graduaci\u00f3n-L\u00edderes-Comunitarios-Putaendo-2021-1024x683.jpg 1024w, https:\/\/www.putaendo.cl\/municipalidad\/wp-content\/uploads\/2021\/09\/Ceremonia-Graduaci\u00f3n-L\u00edderes-Comunitarios-Putaendo-2021-900x600.jpg 900w, https:\/\/www.putaendo.cl\/municipalidad\/wp-content\/uploads\/2021\/09\/Ceremonia-Graduaci\u00f3n-L\u00edderes-Comunitarios-Putaendo-2021.jpg 2048w\" sizes=\"auto, (max-width: 300px) 100vw, 300px\" \/><\/p>\n<p><img loading=\"lazy\" decoding=\"async\" src=\"https:\/\/www.putaendo.cl\/municipalidad\/wp-content\/uploads\/2021\/09\/Graduaci\u00f3n-L\u00edderes-Comunitarios-Putaendo-2021-300x200.jpg\" alt=\"\" width=\"300\" height=\"200\" class=\"alignnone size-medium wp-image-3826\" srcset=\"https:\/\/www.putaendo.cl\/municipalidad\/wp-content\/uploads\/2021\/09\/Graduaci\u00f3n-L\u00edderes-Comunitarios-Putaendo-2021-300x200.jpg 300w, https:\/\/www.putaendo.cl\/municipalidad\/wp-content\/uploads\/2021\/09\/Graduaci\u00f3n-L\u00edderes-Comunitarios-Putaendo-2021-768x512.jpg 768w, https:\/\/www.putaendo.cl\/municipalidad\/wp-content\/uploads\/2021\/09\/Graduaci\u00f3n-L\u00edderes-Comunitarios-Putaendo-2021-1024x683.jpg 1024w, https:\/\/www.putaendo.cl\/municipalidad\/wp-content\/uploads\/2021\/09\/Graduaci\u00f3n-L\u00edderes-Comunitarios-Putaendo-2021-900x600.jpg 900w, https:\/\/www.putaendo.cl\/municipalidad\/wp-content\/uploads\/2021\/09\/Graduaci\u00f3n-L\u00edderes-Comunitarios-Putaendo-2021.jpg 2048w\" sizes=\"auto, (max-width: 300px) 100vw, 300px\" \/><\/p>\n<p><img loading=\"lazy\" decoding=\"async\" src=\"https:\/\/www.putaendo.cl\/municipalidad\/wp-content\/uploads\/2021\/09\/Graduaci\u00f3n-L\u00edderes-Comunitarios-Putaendo-2021-2-300x200.jpg\" alt=\"\" width=\"300\" height=\"200\" class=\"alignnone size-medium wp-image-3827\" srcset=\"https:\/\/www.putaendo.cl\/municipalidad\/wp-content\/uploads\/2021\/09\/Graduaci\u00f3n-L\u00edderes-Comunitarios-Putaendo-2021-2-300x200.jpg 300w, https:\/\/www.putaendo.cl\/municipalidad\/wp-content\/uploads\/2021\/09\/Graduaci\u00f3n-L\u00edderes-Comunitarios-Putaendo-2021-2-768x512.jpg 768w, https:\/\/www.putaendo.cl\/municipalidad\/wp-content\/uploads\/2021\/09\/Graduaci\u00f3n-L\u00edderes-Comunitarios-Putaendo-2021-2-1024x683.jpg 1024w, https:\/\/www.putaendo.cl\/municipalidad\/wp-content\/uploads\/2021\/09\/Graduaci\u00f3n-L\u00edderes-Comunitarios-Putaendo-2021-2-900x600.jpg 900w, https:\/\/www.putaendo.cl\/municipalidad\/wp-content\/uploads\/2021\/09\/Graduaci\u00f3n-L\u00edderes-Comunitarios-Putaendo-2021-2.jpg 2048w\" sizes=\"auto, (max-width: 300px) 100vw, 300px\" \/><\/p>\n<p><img loading=\"lazy\" decoding=\"async\" src=\"https:\/\/www.putaendo.cl\/municipalidad\/wp-content\/uploads\/2021\/09\/Juan-Francisco-Madariaga-2021-300x209.jpg\" alt=\"\" width=\"300\" height=\"209\" class=\"alignnone size-medium wp-image-3829\" srcset=\"https:\/\/www.putaendo.cl\/municipalidad\/wp-content\/uploads\/2021\/09\/Juan-Francisco-Madariaga-2021-300x209.jpg 300w, https:\/\/www.putaendo.cl\/municipalidad\/wp-content\/uploads\/2021\/09\/Juan-Francisco-Madariaga-2021-768x535.jpg 768w, https:\/\/www.putaendo.cl\/municipalidad\/wp-content\/uploads\/2021\/09\/Juan-Francisco-Madariaga-2021-1024x713.jpg 1024w, https:\/\/www.putaendo.cl\/municipalidad\/wp-content\/uploads\/2021\/09\/Juan-Francisco-Madariaga-2021.jpg 2048w\" sizes=\"auto, (max-width: 300px) 100vw, 300px\" \/><\/p>\n","protected":false},"excerpt":{"rendered":"<p>Seis vecinas y vecinos de Putaendo, pertenecientes a la quinta generaci\u00f3n de la iniciativa, fueron certificados por el Programa M\u00e1s Adultos Mayores Autovalentes del Cesfam Valle de Los Libertadores. Adem\u00e1s, <a href=\"https:\/\/www.putaendo.cl\/municipalidad\/2021\/09\/01\/mas-de-20-personas-mayores-de-putaendo-se-graduan-y-renuevan-su-sabiduria-como-lideres-comunitarios\/\" class=\"read-more button-fancy -red\"><span class=\"btn-arrow\"><\/span><span class=\"twp-read-more text\">Continue leyendo<\/span><\/a><\/p>\n","protected":false},"author":1,"featured_media":3828,"comment_status":"open","ping_status":"open","sticky":false,"template":"","format":"standard","meta":{"footnotes":""},"categories":[1],"tags":[],"class_list":["post-3823","post","type-post","status-publish","format-standard","has-post-thumbnail","hentry","category-sin-categoria"],"_links":{"self":[{"href":"https:\/\/www.putaendo.cl\/municipalidad\/wp-json\/wp\/v2\/posts\/3823","targetHints":{"allow":["GET"]}}],"collection":[{"href":"https:\/\/www.putaendo.cl\/municipalidad\/wp-json\/wp\/v2\/posts"}],"about":[{"href":"https:\/\/www.putaendo.cl\/municipalidad\/wp-json\/wp\/v2\/types\/post"}],"author":[{"embeddable":true,"href":"https:\/\/www.putaendo.cl\/municipalidad\/wp-json\/wp\/v2\/users\/1"}],"replies":[{"embeddable":true,"href":"https:\/\/www.putaendo.cl\/municipalidad\/wp-json\/wp\/v2\/comments?post=3823"}],"version-history":[{"count":1,"href":"https:\/\/www.putaendo.cl\/municipalidad\/wp-json\/wp\/v2\/posts\/3823\/revisions"}],"predecessor-version":[{"id":3830,"href":"https:\/\/www.putaendo.cl\/municipalidad\/wp-json\/wp\/v2\/posts\/3823\/revisions\/3830"}],"wp:featuredmedia":[{"embeddable":true,"href":"https:\/\/www.putaendo.cl\/municipalidad\/wp-json\/wp\/v2\/media\/3828"}],"wp:attachment":[{"href":"https:\/\/www.putaendo.cl\/municipalidad\/wp-json\/wp\/v2\/media?parent=3823"}],"wp:term":[{"taxonomy":"category","embeddable":true,"href":"https:\/\/www.putaendo.cl\/municipalidad\/wp-json\/wp\/v2\/categories?post=3823"},{"taxonomy":"post_tag","embeddable":true,"href":"https:\/\/www.putaendo.cl\/municipalidad\/wp-json\/wp\/v2\/tags?post=3823"}],"curies":[{"name":"wp","href":"https:\/\/api.w.org\/{rel}","templated":true}]}}