{"id":3771,"date":"2021-08-20T14:46:40","date_gmt":"2021-08-20T14:46:40","guid":{"rendered":"http:\/\/www.putaendo.cl\/municipalidad\/?p=3771"},"modified":"2021-08-27T14:47:53","modified_gmt":"2021-08-27T14:47:53","slug":"daem-putaendo-inspecciona-instalaciones-de-sus-establecimientos-ante-vuelta-presencial-a-clases-de-los-cursos-de-termino","status":"publish","type":"post","link":"https:\/\/www.putaendo.cl\/municipalidad\/2021\/08\/20\/daem-putaendo-inspecciona-instalaciones-de-sus-establecimientos-ante-vuelta-presencial-a-clases-de-los-cursos-de-termino\/","title":{"rendered":"DAEM Putaendo inspecciona instalaciones de sus establecimientos ante vuelta presencial a clases de los cursos de t\u00e9rmino"},"content":{"rendered":"<p><strong>El d\u00eda lunes 23 de agosto ingresan, de manera voluntaria, cuartos medios, octavos b\u00e1sicos y sextos b\u00e1sicos seg\u00fan corresponda la realidad de cada escuela y liceo de Putaendo.<\/strong><\/p>\n<p>Tanto ayer jueves, como hoy viernes, la Directora(s) del Departamento de Educaci\u00f3n Municipal, Cecilia Piuzzi, y las integrantes del Equipo T\u00e9cnico de Educaci\u00f3n de Putaendo, visitaron las instalaciones de escuelas y liceos de la comuna.<\/p>\n<p>El objetivo fue inspeccionar en terreno y revisar el estado de planificaci\u00f3n comprometida en el Plan de Retorno Seguro a las Aulas, junto con la aplicaci\u00f3n de protocolos t\u00e9cnicos y sanitarios para el correcto desarrollo de las clases presenciales en cada unidad educativa de los cursos de t\u00e9rmino que volver\u00e1n a clases presenciales a contar del lunes 23 de agosto.<\/p>\n<p>En el recorrido por las escuelas y liceos la Directora del DAEM destac\u00f3 que esta organizaci\u00f3n  se ha realizado con la participaci\u00f3n de  todos los integrantes de los establecimientos educacionales, como madres, padres, apoderadas y apoderados, las familias, docentes, asistentes de la educaci\u00f3n y equipos directivos.<\/p>\n<p>\u201c<strong>Esta actividad de inspecci\u00f3n la realizamos antes del inicio de las clases presenciales, decisi\u00f3n  tomada en conjunto en la mesa t\u00e9cnica comunal, pero el tema sanitario es el que m\u00e1s nos importa. Aqu\u00ed la decisi\u00f3n es volver en la medida en que sea posible gradualmente, de forma voluntaria y sin exponer a nadie. Dentro de las medidas preventivas hay que considerar las medidas de ventilaci\u00f3n, lavado de manos, distanciamiento y uso de mascarilla para evitar los contagios\u201d<\/strong>, expres\u00f3 la directora Cecilia Piuzzi.<\/p>\n<p>En una primera etapa, se contempla iniciar la presencialidad con los estudiantes de los cursos de t\u00e9rmino de las escuelas  sexto, octavo y  cuarto medio de liceos de  los establecimientos municipales, planificaci\u00f3n que ir\u00e1 avanzando conforme a la contingencia de la pandemia de coronavirus y la voluntad de madres, padres, apoderadas(os) y familias de los estudiantes.<\/p>\n<p><img loading=\"lazy\" decoding=\"async\" src=\"https:\/\/www.putaendo.cl\/municipalidad\/wp-content\/uploads\/2021\/08\/WhatsApp-Image-2021-08-20-at-08.07.05-300x225-300x225.jpeg\" alt=\"\" width=\"300\" height=\"225\" class=\"alignnone size-medium wp-image-3772\" \/><\/p>\n<p><img loading=\"lazy\" decoding=\"async\" src=\"https:\/\/www.putaendo.cl\/municipalidad\/wp-content\/uploads\/2021\/08\/WhatsApp-Image-2021-08-20-at-08.06.57-300x225-300x225.jpeg\" alt=\"\" width=\"300\" height=\"225\" class=\"alignnone size-medium wp-image-3773\" \/><\/p>\n<p><img loading=\"lazy\" decoding=\"async\" src=\"https:\/\/www.putaendo.cl\/municipalidad\/wp-content\/uploads\/2021\/08\/WhatsApp-Image-2021-08-20-at-08.06.59-300x225-300x225.jpeg\" alt=\"\" width=\"300\" height=\"225\" class=\"alignnone size-medium wp-image-3774\" \/><\/p>\n<p><img loading=\"lazy\" decoding=\"async\" src=\"https:\/\/www.putaendo.cl\/municipalidad\/wp-content\/uploads\/2021\/08\/WhatsApp-Image-2021-08-20-at-08.07.06-300x225-300x225.jpeg\" alt=\"\" width=\"300\" height=\"225\" class=\"alignnone size-medium wp-image-3775\" \/><\/p>\n<p><img loading=\"lazy\" decoding=\"async\" src=\"https:\/\/www.putaendo.cl\/municipalidad\/wp-content\/uploads\/2021\/08\/WhatsApp-Image-2021-08-20-at-08.07.06-1-300x225-300x225.jpeg\" alt=\"\" width=\"300\" height=\"225\" class=\"alignnone size-medium wp-image-3776\" \/><\/p>\n<p><img loading=\"lazy\" decoding=\"async\" src=\"https:\/\/www.putaendo.cl\/municipalidad\/wp-content\/uploads\/2021\/08\/WhatsApp-Image-2021-08-20-at-08.07.08-300x225-300x225.jpeg\" alt=\"\" width=\"300\" height=\"225\" class=\"alignnone size-medium wp-image-3777\" \/><\/p>\n<p><img loading=\"lazy\" decoding=\"async\" src=\"https:\/\/www.putaendo.cl\/municipalidad\/wp-content\/uploads\/2021\/08\/WhatsApp-Image-2021-08-20-at-08.07.09-300x225-300x225.jpeg\" alt=\"\" width=\"300\" height=\"225\" class=\"alignnone size-medium wp-image-3778\" \/><\/p>\n<p><img loading=\"lazy\" decoding=\"async\" src=\"https:\/\/www.putaendo.cl\/municipalidad\/wp-content\/uploads\/2021\/08\/WhatsApp-Image-2021-08-20-at-08.07.11-300x225-300x225.jpeg\" alt=\"\" width=\"300\" height=\"225\" class=\"alignnone size-medium wp-image-3779\" \/><\/p>\n<p><img loading=\"lazy\" decoding=\"async\" src=\"https:\/\/www.putaendo.cl\/municipalidad\/wp-content\/uploads\/2021\/08\/WhatsApp-Image-2021-08-20-at-08.07.11-1-300x225.jpeg\" alt=\"\" width=\"300\" height=\"225\" class=\"alignnone size-medium wp-image-3780\" srcset=\"https:\/\/www.putaendo.cl\/municipalidad\/wp-content\/uploads\/2021\/08\/WhatsApp-Image-2021-08-20-at-08.07.11-1-300x225.jpeg 300w, https:\/\/www.putaendo.cl\/municipalidad\/wp-content\/uploads\/2021\/08\/WhatsApp-Image-2021-08-20-at-08.07.11-1-768x576.jpeg 768w, https:\/\/www.putaendo.cl\/municipalidad\/wp-content\/uploads\/2021\/08\/WhatsApp-Image-2021-08-20-at-08.07.11-1-1024x768.jpeg 1024w, https:\/\/www.putaendo.cl\/municipalidad\/wp-content\/uploads\/2021\/08\/WhatsApp-Image-2021-08-20-at-08.07.11-1.jpeg 1600w\" sizes=\"auto, (max-width: 300px) 100vw, 300px\" \/><\/p>\n","protected":false},"excerpt":{"rendered":"<p>El d\u00eda lunes 23 de agosto ingresan, de manera voluntaria, cuartos medios, octavos b\u00e1sicos y sextos b\u00e1sicos seg\u00fan corresponda la realidad de cada escuela y liceo de Putaendo. Tanto ayer <a href=\"https:\/\/www.putaendo.cl\/municipalidad\/2021\/08\/20\/daem-putaendo-inspecciona-instalaciones-de-sus-establecimientos-ante-vuelta-presencial-a-clases-de-los-cursos-de-termino\/\" class=\"read-more button-fancy -red\"><span class=\"btn-arrow\"><\/span><span class=\"twp-read-more text\">Continue leyendo<\/span><\/a><\/p>\n","protected":false},"author":1,"featured_media":3781,"comment_status":"open","ping_status":"open","sticky":false,"template":"","format":"standard","meta":{"footnotes":""},"categories":[1],"tags":[],"class_list":["post-3771","post","type-post","status-publish","format-standard","has-post-thumbnail","hentry","category-sin-categoria"],"_links":{"self":[{"href":"https:\/\/www.putaendo.cl\/municipalidad\/wp-json\/wp\/v2\/posts\/3771","targetHints":{"allow":["GET"]}}],"collection":[{"href":"https:\/\/www.putaendo.cl\/municipalidad\/wp-json\/wp\/v2\/posts"}],"about":[{"href":"https:\/\/www.putaendo.cl\/municipalidad\/wp-json\/wp\/v2\/types\/post"}],"author":[{"embeddable":true,"href":"https:\/\/www.putaendo.cl\/municipalidad\/wp-json\/wp\/v2\/users\/1"}],"replies":[{"embeddable":true,"href":"https:\/\/www.putaendo.cl\/municipalidad\/wp-json\/wp\/v2\/comments?post=3771"}],"version-history":[{"count":1,"href":"https:\/\/www.putaendo.cl\/municipalidad\/wp-json\/wp\/v2\/posts\/3771\/revisions"}],"predecessor-version":[{"id":3782,"href":"https:\/\/www.putaendo.cl\/municipalidad\/wp-json\/wp\/v2\/posts\/3771\/revisions\/3782"}],"wp:featuredmedia":[{"embeddable":true,"href":"https:\/\/www.putaendo.cl\/municipalidad\/wp-json\/wp\/v2\/media\/3781"}],"wp:attachment":[{"href":"https:\/\/www.putaendo.cl\/municipalidad\/wp-json\/wp\/v2\/media?parent=3771"}],"wp:term":[{"taxonomy":"category","embeddable":true,"href":"https:\/\/www.putaendo.cl\/municipalidad\/wp-json\/wp\/v2\/categories?post=3771"},{"taxonomy":"post_tag","embeddable":true,"href":"https:\/\/www.putaendo.cl\/municipalidad\/wp-json\/wp\/v2\/tags?post=3771"}],"curies":[{"name":"wp","href":"https:\/\/api.w.org\/{rel}","templated":true}]}}