{"id":3756,"date":"2021-08-09T14:36:38","date_gmt":"2021-08-09T14:36:38","guid":{"rendered":"http:\/\/www.putaendo.cl\/municipalidad\/?p=3756"},"modified":"2021-08-27T14:38:24","modified_gmt":"2021-08-27T14:38:24","slug":"programa-senda-previene-conmemora-dia-de-la-ninez-junto-a-vecinas-y-vecinos-de-poblacion-dona-javiera-y-las-compuertas","status":"publish","type":"post","link":"https:\/\/www.putaendo.cl\/municipalidad\/2021\/08\/09\/programa-senda-previene-conmemora-dia-de-la-ninez-junto-a-vecinas-y-vecinos-de-poblacion-dona-javiera-y-las-compuertas\/","title":{"rendered":"Programa Senda Previene conmemora D\u00eda de la Ni\u00f1ez junto a vecinas y vecinos de Poblaci\u00f3n Do\u00f1a Javiera y Las Compuertas"},"content":{"rendered":"<p><strong>Ambos sectores son parte de los territorios intervenidos por el Senda de Putaendo para prevenir el alcohol y las drogas. Fueron hermosas jornadas de sano esparcimiento familiar el pasado viernes y s\u00e1bado.<\/strong><\/p>\n<p>Estaba todo preparado: el Taller de Arcilla, el \u201cMuro de los Sue\u00f1os\u201d y los ingredientes necesarios para hacer pizzas familiares en la sede. Poco a poco fueron llegando las mamitas con sus hijos, que estaban t\u00edmidos al principio, pero las encargadas de recibir a la gente les sacud\u00edan el temor inicial de entrar a una jornada llena de entretenciones.<\/p>\n<p>Lavado de manos, guantes  y cofias para el pelo comenzaron a recibir las instrucciones del armado de las masas de pizza. Las se\u00f1oras voluntarias de la comunidad picaban tomates, jam\u00f3n, salame y  calentaban el horno ubicado en el sector de la cocina. Los y las ni\u00f1as ya pintaban o escrib\u00edan lo que anhelaban para su poblaci\u00f3n a trav\u00e9s del Muro de los \u201cSue\u00f1os\u201d, as\u00ed transitaban entre harinas, temperas y arcilla, con mucha atenci\u00f3n, cari\u00f1o y respeto.<\/p>\n<p>La cita era a las 15:00 horas. Los juegos tradicionales (sillita musical y ensacados) recib\u00edan a los primeros ni\u00f1os y ni\u00f1as que llegan a la Sede de las Compuertas. Se inflaban los juegos y pelaban los tomates para los completos que amenizar\u00edan la jornada. Cuenta Cuentos y Pinta Caritas entregaban mensajes y cari\u00f1os a los asistentes.<\/p>\n<p>Las Representantes de la JJ.VV se mostraron cada d\u00eda m\u00e1s motivadas con lo que est\u00e1n realizando en su sede comunitaria. <strong>\u201cNo hemos bajado los brazos y mantuvimos las normas sanitarias correspondientes. No queremos m\u00e1s contagios, queremos estar tranquilos y as\u00ed poder seguir haciendo actividades para nuestra comunidad\u201d<\/strong>, expres\u00f3 B\u00e1rbara, dirigente de Las Compuertas.<\/p>\n<p>Para los organizadores, el Programa Senda Previene de Putaendo, ambas actividades resultaron un \u00e9xito rotundo destacando la organizaci\u00f3n de estas dos actividades de nuestra comuna, con vecinos y vecinas comprometidos con la participaci\u00f3n social, desprendi\u00e9ndose de los temores pand\u00e9micos y recuperando los espacios vac\u00edos que dejaron las cuarentenas.<\/p>\n<p>Al respecto, Fernando Ovando, coordinador del programa mencion\u00f3 que <strong>\u201clas comunidades est\u00e1n participando, porque est\u00e1n siendo escuchadas en los procesos de planificaci\u00f3n. Su opini\u00f3n es fundamental en la elaboraci\u00f3n de estas y otras actividades. Son las comunidades las que conocen las realidades de sus territorios, saben lo que necesitan y nosotros facilitamos estos procesos\u201d<\/strong>.<\/p>\n<p>El Programa Senda Previene, fiel a su estilo y de la mano de la movilidad comunitaria como herramientas para la participaci\u00f3n social y la prevenci\u00f3n del consumo de Drogas y Alcohol, fueron la t\u00f3nica de estas actividades, no son eventos , sino,  procesos que llevan planificaci\u00f3n y proyecci\u00f3n de actividades en pos del mejoramiento de la calidad de vida de sus habitantes.<\/p>\n<p>Durante el mes de agosto ya se proyecta un nuevo territorio donde instalar la pol\u00edtica comunal de drogas, la que busca sensibilizar y movilizar a los territorios para que la droga no sea el tema en sus comunidades, sino, la instalaci\u00f3n de una oferta comunitaria que d\u00e9 respuesta a sus necesidades propias del sector.<\/p>\n<p><strong>\u00a1Queda en la retina la sonrisa p\u00fablica de aquellos y aquellas que el encierro quiso opacar!<\/strong><\/p>\n<p><img loading=\"lazy\" decoding=\"async\" src=\"https:\/\/www.putaendo.cl\/municipalidad\/wp-content\/uploads\/2021\/08\/IMG-20210807-WA0006-169x300.jpg\" alt=\"\" width=\"169\" height=\"300\" class=\"alignnone size-medium wp-image-3757\" srcset=\"https:\/\/www.putaendo.cl\/municipalidad\/wp-content\/uploads\/2021\/08\/IMG-20210807-WA0006-169x300.jpg 169w, https:\/\/www.putaendo.cl\/municipalidad\/wp-content\/uploads\/2021\/08\/IMG-20210807-WA0006-768x1365.jpg 768w, https:\/\/www.putaendo.cl\/municipalidad\/wp-content\/uploads\/2021\/08\/IMG-20210807-WA0006-576x1024.jpg 576w, https:\/\/www.putaendo.cl\/municipalidad\/wp-content\/uploads\/2021\/08\/IMG-20210807-WA0006.jpg 900w\" sizes=\"auto, (max-width: 169px) 100vw, 169px\" \/><\/p>\n<p><img loading=\"lazy\" decoding=\"async\" src=\"https:\/\/www.putaendo.cl\/municipalidad\/wp-content\/uploads\/2021\/08\/IMG-20210807-WA0011-169x300.jpg\" alt=\"\" width=\"169\" height=\"300\" class=\"alignnone size-medium wp-image-3758\" srcset=\"https:\/\/www.putaendo.cl\/municipalidad\/wp-content\/uploads\/2021\/08\/IMG-20210807-WA0011-169x300.jpg 169w, https:\/\/www.putaendo.cl\/municipalidad\/wp-content\/uploads\/2021\/08\/IMG-20210807-WA0011-576x1024.jpg 576w, https:\/\/www.putaendo.cl\/municipalidad\/wp-content\/uploads\/2021\/08\/IMG-20210807-WA0011.jpg 720w\" sizes=\"auto, (max-width: 169px) 100vw, 169px\" \/><\/p>\n<p><img loading=\"lazy\" decoding=\"async\" src=\"https:\/\/www.putaendo.cl\/municipalidad\/wp-content\/uploads\/2021\/08\/IMG-20210807-WA0013-300x169.jpg\" alt=\"\" width=\"300\" height=\"169\" class=\"alignnone size-medium wp-image-3759\" srcset=\"https:\/\/www.putaendo.cl\/municipalidad\/wp-content\/uploads\/2021\/08\/IMG-20210807-WA0013-300x169.jpg 300w, https:\/\/www.putaendo.cl\/municipalidad\/wp-content\/uploads\/2021\/08\/IMG-20210807-WA0013-768x432.jpg 768w, https:\/\/www.putaendo.cl\/municipalidad\/wp-content\/uploads\/2021\/08\/IMG-20210807-WA0013-1024x576.jpg 1024w, https:\/\/www.putaendo.cl\/municipalidad\/wp-content\/uploads\/2021\/08\/IMG-20210807-WA0013.jpg 1600w\" sizes=\"auto, (max-width: 300px) 100vw, 300px\" \/><\/p>\n","protected":false},"excerpt":{"rendered":"<p>Ambos sectores son parte de los territorios intervenidos por el Senda de Putaendo para prevenir el alcohol y las drogas. Fueron hermosas jornadas de sano esparcimiento familiar el pasado viernes <a href=\"https:\/\/www.putaendo.cl\/municipalidad\/2021\/08\/09\/programa-senda-previene-conmemora-dia-de-la-ninez-junto-a-vecinas-y-vecinos-de-poblacion-dona-javiera-y-las-compuertas\/\" class=\"read-more button-fancy -red\"><span class=\"btn-arrow\"><\/span><span class=\"twp-read-more text\">Continue leyendo<\/span><\/a><\/p>\n","protected":false},"author":1,"featured_media":3760,"comment_status":"open","ping_status":"open","sticky":false,"template":"","format":"standard","meta":{"footnotes":""},"categories":[1],"tags":[],"class_list":["post-3756","post","type-post","status-publish","format-standard","has-post-thumbnail","hentry","category-sin-categoria"],"_links":{"self":[{"href":"https:\/\/www.putaendo.cl\/municipalidad\/wp-json\/wp\/v2\/posts\/3756","targetHints":{"allow":["GET"]}}],"collection":[{"href":"https:\/\/www.putaendo.cl\/municipalidad\/wp-json\/wp\/v2\/posts"}],"about":[{"href":"https:\/\/www.putaendo.cl\/municipalidad\/wp-json\/wp\/v2\/types\/post"}],"author":[{"embeddable":true,"href":"https:\/\/www.putaendo.cl\/municipalidad\/wp-json\/wp\/v2\/users\/1"}],"replies":[{"embeddable":true,"href":"https:\/\/www.putaendo.cl\/municipalidad\/wp-json\/wp\/v2\/comments?post=3756"}],"version-history":[{"count":1,"href":"https:\/\/www.putaendo.cl\/municipalidad\/wp-json\/wp\/v2\/posts\/3756\/revisions"}],"predecessor-version":[{"id":3761,"href":"https:\/\/www.putaendo.cl\/municipalidad\/wp-json\/wp\/v2\/posts\/3756\/revisions\/3761"}],"wp:featuredmedia":[{"embeddable":true,"href":"https:\/\/www.putaendo.cl\/municipalidad\/wp-json\/wp\/v2\/media\/3760"}],"wp:attachment":[{"href":"https:\/\/www.putaendo.cl\/municipalidad\/wp-json\/wp\/v2\/media?parent=3756"}],"wp:term":[{"taxonomy":"category","embeddable":true,"href":"https:\/\/www.putaendo.cl\/municipalidad\/wp-json\/wp\/v2\/categories?post=3756"},{"taxonomy":"post_tag","embeddable":true,"href":"https:\/\/www.putaendo.cl\/municipalidad\/wp-json\/wp\/v2\/tags?post=3756"}],"curies":[{"name":"wp","href":"https:\/\/api.w.org\/{rel}","templated":true}]}}