{"id":3747,"date":"2021-08-05T14:32:09","date_gmt":"2021-08-05T14:32:09","guid":{"rendered":"http:\/\/www.putaendo.cl\/municipalidad\/?p=3747"},"modified":"2021-08-27T14:34:05","modified_gmt":"2021-08-27T14:34:05","slug":"escuelas-y-liceos-de-putaendo-comenzaran-clases-presenciales-de-forma-gradual-en-sus-cursos-de-finalizacion-desde-el-23-de-agosto","status":"publish","type":"post","link":"https:\/\/www.putaendo.cl\/municipalidad\/2021\/08\/05\/escuelas-y-liceos-de-putaendo-comenzaran-clases-presenciales-de-forma-gradual-en-sus-cursos-de-finalizacion-desde-el-23-de-agosto\/","title":{"rendered":"Escuelas y liceos de Putaendo comenzar\u00e1n clases presenciales de forma gradual en sus cursos de finalizaci\u00f3n desde el 23 de agosto"},"content":{"rendered":"<p><strong>Solo volver\u00e1n, de manera totalmente voluntaria, las y los alumnos de cuarto medio en los liceos; los octavos b\u00e1sicos en las escuelas que tienen ense\u00f1anza primera completa y los sextos b\u00e1sicos en los establecimientos donde aquel sea el curso m\u00e1s alto. La \u00fanica excepci\u00f3n ser\u00e1 el Centro de Apoyo a la Educaci\u00f3n Especial, que  continuar\u00e1 en modalidad remota en todos sus niveles.<\/strong><\/p>\n<p>Hace unos d\u00edas, se realiz\u00f3 una nueva reuni\u00f3n de la Mesa T\u00e9cnica de la Educaci\u00f3n, donde participaron los diferentes integrantes de la ense\u00f1anza p\u00fablica de Putaendo, con la presencia del el alcalde Mauricio Quiroz, la Direcci\u00f3n del DAEM, directores de establecimientos, colegio de profesores, asistentes, madres, padres y apoderados de los estudiantes.<\/p>\n<p>En el encuentro se abord\u00f3 la posibilidad de un ingreso presencial a las clases. Luego de escuchar a todas las partes involucradas, en especial a madres, padres y apoderados, se decidi\u00f3 que, a nivel comunal, el pr\u00f3ximo lunes 23 de agosto retornar\u00e1n a las aulas, de forma totalmente voluntaria, los estudiantes pertenecientes a los cursos de finalizaci\u00f3n de cada establecimiento educacional.<\/p>\n<p><strong>\u201cQueremos enfatizar en que el retorno va ser gradual. No van a volver todos los alumnos de nuestras comunidades educativas, ni todos los cursos tampoco. En la reuni\u00f3n concordamos iniciar clases presenciales en Putaendo solo con los cursos de t\u00e9rmino. Es decir, las escuelas que tienen hasta sexto b\u00e1sico, regresa solo el sexto b\u00e1sico; las escuelas que tienen hasta octavo b\u00e1sico, entrar\u00e1n solo los octavos. En los liceos volver\u00e1n solo los cuartos medios\u201d<\/strong>, explic\u00f3 la directora del DAEM, Cecilia Piuzzi.<\/p>\n<p>En este sentido, la autoridad de educaci\u00f3n comunal invit\u00f3 a madres, padres y apoderados a conversar y tomar contacto con los directores de sus escuelas y liceos para conocer las condiciones y medidas sanitarias que tendr\u00e1n los establecimientos. La medida permitir\u00e1, a futuro, trazar los lineamientos para nuevas medidas al respecto sobre aumentar las clases presenciales en m\u00e1s cursos o, en su defecto, continuar con ense\u00f1anza remota.<\/p>\n<p><strong>CENTRO DE APOYO A LA EDUCACI\u00d3N ESPECIAL<br \/>\nCONTINUAR\u00c1 CON CLASES A DISTANCIA<\/strong><\/p>\n<p>En la reuni\u00f3n tambi\u00e9n se determin\u00f3 que el \u00fanico establecimiento que no se sumar\u00e1 a la presencialidad ser\u00e1 el Centro de Apoyo a la Educaci\u00f3n Especial. La raz\u00f3n radica en que la mayor\u00eda de sus estudiantes tienen patolog\u00edas cr\u00f3nicas y, adem\u00e1s, trabajar con ellos requiere de acercamiento permanente.<\/p>\n<p><strong>\u201cMuchos estudiantes de la Escuela Especial deben tener un contacto, cuidados y afectos m\u00e1s activos y es imposible el distanciamiento social con ellos. Entendemos que no estamos preparados para recibirlos de manera presencial. Si bien nosotros podemos tener condiciones como, por ejemplo, mascarillas, hay estudiantes que tienen respiraci\u00f3n bucal, lo que les impide usarlas\u201d<\/strong>, manifest\u00f3 la directora Piuzzi.<\/p>\n<p>Cabe mencionar que, desde el mes de febrero, la Mesa T\u00e9cnica por la Educaci\u00f3n de Putaendo ha sesionado constantemente con el prop\u00f3sito de proteger la salud y el bienestar de todos los integrantes de las comunidades educativas de la comuna.<\/p>\n<p><img loading=\"lazy\" decoding=\"async\" src=\"https:\/\/www.putaendo.cl\/municipalidad\/wp-content\/uploads\/2021\/08\/REUNI\u00d3N-MESA-T\u00c9CNICA-EDUCACI\u00d3N-PUTAENDO-300x134.jpg\" alt=\"\" width=\"300\" height=\"134\" class=\"alignnone size-medium wp-image-3748\" srcset=\"https:\/\/www.putaendo.cl\/municipalidad\/wp-content\/uploads\/2021\/08\/REUNI\u00d3N-MESA-T\u00c9CNICA-EDUCACI\u00d3N-PUTAENDO-300x134.jpg 300w, https:\/\/www.putaendo.cl\/municipalidad\/wp-content\/uploads\/2021\/08\/REUNI\u00d3N-MESA-T\u00c9CNICA-EDUCACI\u00d3N-PUTAENDO-768x342.jpg 768w, https:\/\/www.putaendo.cl\/municipalidad\/wp-content\/uploads\/2021\/08\/REUNI\u00d3N-MESA-T\u00c9CNICA-EDUCACI\u00d3N-PUTAENDO-1024x457.jpg 1024w, https:\/\/www.putaendo.cl\/municipalidad\/wp-content\/uploads\/2021\/08\/REUNI\u00d3N-MESA-T\u00c9CNICA-EDUCACI\u00d3N-PUTAENDO.jpg 1366w\" sizes=\"auto, (max-width: 300px) 100vw, 300px\" \/><\/p>\n<p><img loading=\"lazy\" decoding=\"async\" src=\"https:\/\/www.putaendo.cl\/municipalidad\/wp-content\/uploads\/2021\/08\/EDUCACI\u00d3N-2-300x135.jpg\" alt=\"\" width=\"300\" height=\"135\" class=\"alignnone size-medium wp-image-3749\" srcset=\"https:\/\/www.putaendo.cl\/municipalidad\/wp-content\/uploads\/2021\/08\/EDUCACI\u00d3N-2-300x135.jpg 300w, https:\/\/www.putaendo.cl\/municipalidad\/wp-content\/uploads\/2021\/08\/EDUCACI\u00d3N-2-768x346.jpg 768w, https:\/\/www.putaendo.cl\/municipalidad\/wp-content\/uploads\/2021\/08\/EDUCACI\u00d3N-2-1024x461.jpg 1024w, https:\/\/www.putaendo.cl\/municipalidad\/wp-content\/uploads\/2021\/08\/EDUCACI\u00d3N-2.jpg 1366w\" sizes=\"auto, (max-width: 300px) 100vw, 300px\" \/><\/p>\n","protected":false},"excerpt":{"rendered":"<p>Solo volver\u00e1n, de manera totalmente voluntaria, las y los alumnos de cuarto medio en los liceos; los octavos b\u00e1sicos en las escuelas que tienen ense\u00f1anza primera completa y los sextos <a href=\"https:\/\/www.putaendo.cl\/municipalidad\/2021\/08\/05\/escuelas-y-liceos-de-putaendo-comenzaran-clases-presenciales-de-forma-gradual-en-sus-cursos-de-finalizacion-desde-el-23-de-agosto\/\" class=\"read-more button-fancy -red\"><span class=\"btn-arrow\"><\/span><span class=\"twp-read-more text\">Continue leyendo<\/span><\/a><\/p>\n","protected":false},"author":1,"featured_media":3750,"comment_status":"open","ping_status":"open","sticky":false,"template":"","format":"standard","meta":{"footnotes":""},"categories":[1],"tags":[],"class_list":["post-3747","post","type-post","status-publish","format-standard","has-post-thumbnail","hentry","category-sin-categoria"],"_links":{"self":[{"href":"https:\/\/www.putaendo.cl\/municipalidad\/wp-json\/wp\/v2\/posts\/3747","targetHints":{"allow":["GET"]}}],"collection":[{"href":"https:\/\/www.putaendo.cl\/municipalidad\/wp-json\/wp\/v2\/posts"}],"about":[{"href":"https:\/\/www.putaendo.cl\/municipalidad\/wp-json\/wp\/v2\/types\/post"}],"author":[{"embeddable":true,"href":"https:\/\/www.putaendo.cl\/municipalidad\/wp-json\/wp\/v2\/users\/1"}],"replies":[{"embeddable":true,"href":"https:\/\/www.putaendo.cl\/municipalidad\/wp-json\/wp\/v2\/comments?post=3747"}],"version-history":[{"count":1,"href":"https:\/\/www.putaendo.cl\/municipalidad\/wp-json\/wp\/v2\/posts\/3747\/revisions"}],"predecessor-version":[{"id":3751,"href":"https:\/\/www.putaendo.cl\/municipalidad\/wp-json\/wp\/v2\/posts\/3747\/revisions\/3751"}],"wp:featuredmedia":[{"embeddable":true,"href":"https:\/\/www.putaendo.cl\/municipalidad\/wp-json\/wp\/v2\/media\/3750"}],"wp:attachment":[{"href":"https:\/\/www.putaendo.cl\/municipalidad\/wp-json\/wp\/v2\/media?parent=3747"}],"wp:term":[{"taxonomy":"category","embeddable":true,"href":"https:\/\/www.putaendo.cl\/municipalidad\/wp-json\/wp\/v2\/categories?post=3747"},{"taxonomy":"post_tag","embeddable":true,"href":"https:\/\/www.putaendo.cl\/municipalidad\/wp-json\/wp\/v2\/tags?post=3747"}],"curies":[{"name":"wp","href":"https:\/\/api.w.org\/{rel}","templated":true}]}}