{"id":3740,"date":"2021-07-30T14:29:07","date_gmt":"2021-07-30T14:29:07","guid":{"rendered":"http:\/\/www.putaendo.cl\/municipalidad\/?p=3740"},"modified":"2021-08-27T14:30:11","modified_gmt":"2021-08-27T14:30:11","slug":"declaracion-publica-desde-el-cesfam-valle-de-los-libertadores-tras-anuncio-de-sumario-sanitario-por-el-seremi-de-salud","status":"publish","type":"post","link":"https:\/\/www.putaendo.cl\/municipalidad\/2021\/07\/30\/declaracion-publica-desde-el-cesfam-valle-de-los-libertadores-tras-anuncio-de-sumario-sanitario-por-el-seremi-de-salud\/","title":{"rendered":"Declaraci\u00f3n P\u00fablica desde el Cesfam Valle de Los Libertadores tras anuncio de sumario sanitario por el Seremi de Salud"},"content":{"rendered":"<p>Tras la informaci\u00f3n emitida p\u00fablicamente por el Seremi de Salud, Georg H\u00fcbner, sobre iniciar un sumario sanitario contra la Municipalidad de Putaendo por \u201cincumplimiento en el calendario de vacunaci\u00f3n\u201d, la direcci\u00f3n del Cesfam Valle de Los Libertadores desea aclarar lo siguiente:<\/p>\n<p>1.- El motivo del sumario obedece puntualmente a que, en la semana comprendida entre el lunes 19 y el s\u00e1bado 24 de julio del presente a\u00f1o, en Putaendo se vacun\u00f3 a personas mayores y con patolog\u00edas cr\u00f3nicas que, efectivamente, no estaban en el calendario de vacunaci\u00f3n generado desde el Ministerio de Salud.<\/p>\n<p>2.- Sin embargo, dicho incumplimiento nunca tuvo otra intenci\u00f3n m\u00e1s que continuar con el esquema de vacunaci\u00f3n emanado por el mismo Ministerio de Salud, que desde un inicio puso prioridad en atender a personas mayores y a personas con enfermedades cr\u00f3nicas.<\/p>\n<p>3.- El sumario que ser\u00e1 cursado en Putaendo no tiene ninguna relaci\u00f3n con errores o una mala administraci\u00f3n de las vacunas hacia el rango etario que correspond\u00eda. Reiteramos que el sumario responde a que se vacun\u00f3 a personas mayores de 17 a\u00f1os, cuando el calendario establec\u00eda que se deb\u00eda inocular a adolescentes menores a dicha edad.<\/p>\n<p>4.- En general el proceso de vacunaci\u00f3n contra el Covid-19 en Putaendo ha funcionado correctamente. Incluso, la comuna presenta uno de los porcentajes m\u00e1s altos de inoculaci\u00f3n de toda la Regi\u00f3n de Valpara\u00edso. Seg\u00fan cifras actualizadas del Departamento de Estad\u00edsticas e Informaci\u00f3n de Salud (DEIS), un 83,4% de la poblaci\u00f3n objetivo de Putaendo ha completado su esquema de vacunaci\u00f3n contra el coronavirus.<\/p>\n<p>5.- Desde el Cesfam Valle de Los Libertadores reafirmamos nuestro incansable compromiso de proteger la salud y el bienestar de todos y cada uno de nuestros usuarios y usuarias de Putaendo, ante esta grave enfermedad que afecta a Chile y al mundo entero.<\/p>\n","protected":false},"excerpt":{"rendered":"<p>Tras la informaci\u00f3n emitida p\u00fablicamente por el Seremi de Salud, Georg H\u00fcbner, sobre iniciar un sumario sanitario contra la Municipalidad de Putaendo por \u201cincumplimiento en el calendario de vacunaci\u00f3n\u201d, la <a href=\"https:\/\/www.putaendo.cl\/municipalidad\/2021\/07\/30\/declaracion-publica-desde-el-cesfam-valle-de-los-libertadores-tras-anuncio-de-sumario-sanitario-por-el-seremi-de-salud\/\" class=\"read-more button-fancy -red\"><span class=\"btn-arrow\"><\/span><span class=\"twp-read-more text\">Continue leyendo<\/span><\/a><\/p>\n","protected":false},"author":1,"featured_media":3741,"comment_status":"open","ping_status":"open","sticky":false,"template":"","format":"standard","meta":{"footnotes":""},"categories":[1],"tags":[],"class_list":["post-3740","post","type-post","status-publish","format-standard","has-post-thumbnail","hentry","category-sin-categoria"],"_links":{"self":[{"href":"https:\/\/www.putaendo.cl\/municipalidad\/wp-json\/wp\/v2\/posts\/3740","targetHints":{"allow":["GET"]}}],"collection":[{"href":"https:\/\/www.putaendo.cl\/municipalidad\/wp-json\/wp\/v2\/posts"}],"about":[{"href":"https:\/\/www.putaendo.cl\/municipalidad\/wp-json\/wp\/v2\/types\/post"}],"author":[{"embeddable":true,"href":"https:\/\/www.putaendo.cl\/municipalidad\/wp-json\/wp\/v2\/users\/1"}],"replies":[{"embeddable":true,"href":"https:\/\/www.putaendo.cl\/municipalidad\/wp-json\/wp\/v2\/comments?post=3740"}],"version-history":[{"count":1,"href":"https:\/\/www.putaendo.cl\/municipalidad\/wp-json\/wp\/v2\/posts\/3740\/revisions"}],"predecessor-version":[{"id":3742,"href":"https:\/\/www.putaendo.cl\/municipalidad\/wp-json\/wp\/v2\/posts\/3740\/revisions\/3742"}],"wp:featuredmedia":[{"embeddable":true,"href":"https:\/\/www.putaendo.cl\/municipalidad\/wp-json\/wp\/v2\/media\/3741"}],"wp:attachment":[{"href":"https:\/\/www.putaendo.cl\/municipalidad\/wp-json\/wp\/v2\/media?parent=3740"}],"wp:term":[{"taxonomy":"category","embeddable":true,"href":"https:\/\/www.putaendo.cl\/municipalidad\/wp-json\/wp\/v2\/categories?post=3740"},{"taxonomy":"post_tag","embeddable":true,"href":"https:\/\/www.putaendo.cl\/municipalidad\/wp-json\/wp\/v2\/tags?post=3740"}],"curies":[{"name":"wp","href":"https:\/\/api.w.org\/{rel}","templated":true}]}}