{"id":3572,"date":"2021-03-03T12:23:54","date_gmt":"2021-03-03T12:23:54","guid":{"rendered":"http:\/\/www.putaendo.cl\/municipalidad\/?p=3572"},"modified":"2021-03-09T12:38:15","modified_gmt":"2021-03-09T12:38:15","slug":"preocupante-y-continuo-aumento-de-casos-activos-de-coronavirus-en-putaendo","status":"publish","type":"post","link":"https:\/\/www.putaendo.cl\/municipalidad\/2021\/03\/03\/preocupante-y-continuo-aumento-de-casos-activos-de-coronavirus-en-putaendo\/","title":{"rendered":"Preocupante y continuo aumento de casos activos de coronavirus en Putaendo"},"content":{"rendered":"<p>De acuerdo a las cifras manejadas por el Cesfam Valle de Los Libertadores, al d\u00eda de hoy mi\u00e9rcoles tres de marzo de 2021, existen 20 personas contagiadas con el virus en el territorio comunal putaendino.<\/p>\n<p>Seg\u00fan lo se\u00f1alado por, Juan Madariaga, director del establecimiento de salud primaria municipal, en los \u00faltimos d\u00edas ha existido un cambio en la trazabilidad de las personas que han dado positivo al examen que detecta el coronavirus.<\/p>\n<p><strong>\u201cTuvimos un tiempo donde los contagios fueron por nexos laborales: es decir, persona que contra\u00edan el virus en su trabajo. Ahora es distinto, porque hemos sabido que las personas se est\u00e1n contagiando en juntas familiares, como celebraciones. Es necesario recordar que el virus sigue presente en el pa\u00eds y que debemos cuidarnos a cada momento\u201d<\/strong>, explic\u00f3 Madariaga.<\/p>\n<p>De esta forma, durante las \u00faltimas dos semanas ha existido un constante aumento de casos activos, situaci\u00f3n que mantiene en especial alerta al Cesfam Valle de Los Libertadores.<\/p>\n<p>Cabe recordar que desde el Cesfam se suele hacer seguimiento a los casos y a sus contactos estrechos, en una tarea que no ha tenido descanso desde que lleg\u00f3 la pandemia a Putaendo.<\/p>\n<p>Desde el municipio insisten en que se deben respetar las medidas de autocuidado, que son simples y que pueden evitar contagios.<\/p>\n<p>\u2705 Lave sus manos con agua y jab\u00f3n varias veces al d\u00eda. Si no puede, use alcohol gel.<br \/>\n\u2705 Por favor, evitemos formar aglomeraciones y tomemos una distancia m\u00ednima de un metro entre nosotros.<br \/>\n\u2705 El uso de la mascarilla es obligatorio en la v\u00eda p\u00fablica. Su correcto uso es tapando nariz y boca al mismo tiempo.<br \/>\n\u2705 Evite tocarse el rostro si antes no se ha lavado las manos correctamente. Podemos prevenir el virus si evitamos tocarnos la nariz, los ojos o la boca.<br \/>\n\u2705 Cubra su boca con la parte interior del codo si va a toser o estornudar.<\/p>\n<p><img loading=\"lazy\" decoding=\"async\" src=\"https:\/\/www.putaendo.cl\/municipalidad\/wp-content\/uploads\/2021\/03\/155096010_4013014405431953_3053494081406165048_o-300x300.jpg\" alt=\"\" width=\"300\" height=\"300\" class=\"alignnone size-medium wp-image-3573\" srcset=\"https:\/\/www.putaendo.cl\/municipalidad\/wp-content\/uploads\/2021\/03\/155096010_4013014405431953_3053494081406165048_o-300x300.jpg 300w, https:\/\/www.putaendo.cl\/municipalidad\/wp-content\/uploads\/2021\/03\/155096010_4013014405431953_3053494081406165048_o-150x150.jpg 150w, https:\/\/www.putaendo.cl\/municipalidad\/wp-content\/uploads\/2021\/03\/155096010_4013014405431953_3053494081406165048_o-1024x1019.jpg 1024w, https:\/\/www.putaendo.cl\/municipalidad\/wp-content\/uploads\/2021\/03\/155096010_4013014405431953_3053494081406165048_o.jpg 1861w\" sizes=\"auto, (max-width: 300px) 100vw, 300px\" \/><\/p>\n","protected":false},"excerpt":{"rendered":"<p>De acuerdo a las cifras manejadas por el Cesfam Valle de Los Libertadores, al d\u00eda de hoy mi\u00e9rcoles tres de marzo de 2021, existen 20 personas contagiadas con el virus <a href=\"https:\/\/www.putaendo.cl\/municipalidad\/2021\/03\/03\/preocupante-y-continuo-aumento-de-casos-activos-de-coronavirus-en-putaendo\/\" class=\"read-more button-fancy -red\"><span class=\"btn-arrow\"><\/span><span class=\"twp-read-more text\">Continue leyendo<\/span><\/a><\/p>\n","protected":false},"author":1,"featured_media":3574,"comment_status":"open","ping_status":"open","sticky":false,"template":"","format":"standard","meta":{"footnotes":""},"categories":[1],"tags":[],"class_list":["post-3572","post","type-post","status-publish","format-standard","has-post-thumbnail","hentry","category-sin-categoria"],"_links":{"self":[{"href":"https:\/\/www.putaendo.cl\/municipalidad\/wp-json\/wp\/v2\/posts\/3572","targetHints":{"allow":["GET"]}}],"collection":[{"href":"https:\/\/www.putaendo.cl\/municipalidad\/wp-json\/wp\/v2\/posts"}],"about":[{"href":"https:\/\/www.putaendo.cl\/municipalidad\/wp-json\/wp\/v2\/types\/post"}],"author":[{"embeddable":true,"href":"https:\/\/www.putaendo.cl\/municipalidad\/wp-json\/wp\/v2\/users\/1"}],"replies":[{"embeddable":true,"href":"https:\/\/www.putaendo.cl\/municipalidad\/wp-json\/wp\/v2\/comments?post=3572"}],"version-history":[{"count":1,"href":"https:\/\/www.putaendo.cl\/municipalidad\/wp-json\/wp\/v2\/posts\/3572\/revisions"}],"predecessor-version":[{"id":3575,"href":"https:\/\/www.putaendo.cl\/municipalidad\/wp-json\/wp\/v2\/posts\/3572\/revisions\/3575"}],"wp:featuredmedia":[{"embeddable":true,"href":"https:\/\/www.putaendo.cl\/municipalidad\/wp-json\/wp\/v2\/media\/3574"}],"wp:attachment":[{"href":"https:\/\/www.putaendo.cl\/municipalidad\/wp-json\/wp\/v2\/media?parent=3572"}],"wp:term":[{"taxonomy":"category","embeddable":true,"href":"https:\/\/www.putaendo.cl\/municipalidad\/wp-json\/wp\/v2\/categories?post=3572"},{"taxonomy":"post_tag","embeddable":true,"href":"https:\/\/www.putaendo.cl\/municipalidad\/wp-json\/wp\/v2\/tags?post=3572"}],"curies":[{"name":"wp","href":"https:\/\/api.w.org\/{rel}","templated":true}]}}