{"id":3328,"date":"2020-02-12T13:08:04","date_gmt":"2020-02-12T13:08:04","guid":{"rendered":"http:\/\/www.putaendo.cl\/municipalidad\/?p=3328"},"modified":"2020-02-12T13:08:04","modified_gmt":"2020-02-12T13:08:04","slug":"chaya-putaendo-2020-el-carnaval-de-todos-consigue-aprobacion-de-la-gobernacion-provincial-y-obtiene-apoyo-de-carabineros-y-bomberos-para-su-realizacion","status":"publish","type":"post","link":"https:\/\/www.putaendo.cl\/municipalidad\/2020\/02\/12\/chaya-putaendo-2020-el-carnaval-de-todos-consigue-aprobacion-de-la-gobernacion-provincial-y-obtiene-apoyo-de-carabineros-y-bomberos-para-su-realizacion\/","title":{"rendered":"\u201cChaya Putaendo 2020: El Carnaval de Todos\u201d consigue aprobaci\u00f3n de la Gobernaci\u00f3n provincial y obtiene apoyo de Carabineros y Bomberos para su realizaci\u00f3n"},"content":{"rendered":"<p>En reuni\u00f3n de coordinaci\u00f3n con la Gobernaci\u00f3n Provincial de San Felipe y estamentos de seguridad y emergencia, el municipio de Putaendo logr\u00f3 gestionar la autorizaci\u00f3n de la \u201cChaya de Putaendo 2020: El Carnaval de Todos\u201d, a realizarse desde el 14 al 22 de febrero.<\/p>\n<p>Desde el municipio agradecieron la buena disposici\u00f3n del gobernador Claudio Rodr\u00edguez, quien valor\u00f3 la seguridad y el buen comportamiento hist\u00f3rico de los putaendinos y el p\u00fablico que asiste al Carnaval de la Chaya de Putaendo. Del mismo modo, destac\u00f3 que la actividad, que este 2020 cumple 90 a\u00f1os, ya es parte de la cultura e identidad de la Capital Patrimonial de Aconcagua.<\/p>\n<p>Por su parte, Carabineros y Bomberos manifestaron abiertamente su disposici\u00f3n, como todos los a\u00f1os, a colaborar en las coordinaciones de seguridad y emergencia que tiene todo evento masivo.<\/p>\n<p>Desde el municipio, manifestaron que se tiene un acabado plan de seguridad y contingencia para el correcto funcionamiento del \u201cCarnaval de Todos\u201d.<\/p>\n<p><strong>\u201cEste es un evento esperado a\u00f1o a a\u00f1o por las familias de la comuna. Reactiva la econom\u00eda y democratiza el acceso de la comunidad a espect\u00e1culos art\u00edsticos y culturales de calidad. Sin lugar a dudas este es un evento tradicional y cultural muy querido por todos los putaendinos. Estamos convencidos que siguiendo todos los protocolos de seguridad, entregaremos un espacio de encuentro, m\u00fasica, arte, informaci\u00f3n y reflexi\u00f3n para todos nuestros habitantes y el p\u00fablico asistente\u201d<\/strong>, indic\u00f3 el alcalde (s) Fabi\u00e1n Mu\u00f1oz.<\/p>\n<p><img loading=\"lazy\" decoding=\"async\" src=\"https:\/\/www.putaendo.cl\/municipalidad\/wp-content\/uploads\/2020\/02\/8-1024x1024.jpg\" alt=\"\" width=\"640\" height=\"640\" class=\"alignnone size-large wp-image-3329\" srcset=\"https:\/\/www.putaendo.cl\/municipalidad\/wp-content\/uploads\/2020\/02\/8-1024x1024.jpg 1024w, https:\/\/www.putaendo.cl\/municipalidad\/wp-content\/uploads\/2020\/02\/8-150x150.jpg 150w, https:\/\/www.putaendo.cl\/municipalidad\/wp-content\/uploads\/2020\/02\/8-300x300.jpg 300w, https:\/\/www.putaendo.cl\/municipalidad\/wp-content\/uploads\/2020\/02\/8-768x768.jpg 768w\" sizes=\"auto, (max-width: 640px) 100vw, 640px\" \/><\/p>\n","protected":false},"excerpt":{"rendered":"<p>En reuni\u00f3n de coordinaci\u00f3n con la Gobernaci\u00f3n Provincial de San Felipe y estamentos de seguridad y emergencia, el municipio de Putaendo logr\u00f3 gestionar la autorizaci\u00f3n de la \u201cChaya de Putaendo <a href=\"https:\/\/www.putaendo.cl\/municipalidad\/2020\/02\/12\/chaya-putaendo-2020-el-carnaval-de-todos-consigue-aprobacion-de-la-gobernacion-provincial-y-obtiene-apoyo-de-carabineros-y-bomberos-para-su-realizacion\/\" class=\"read-more button-fancy -red\"><span class=\"btn-arrow\"><\/span><span class=\"twp-read-more text\">Continue leyendo<\/span><\/a><\/p>\n","protected":false},"author":1,"featured_media":3330,"comment_status":"open","ping_status":"open","sticky":false,"template":"","format":"standard","meta":{"footnotes":""},"categories":[1],"tags":[],"class_list":["post-3328","post","type-post","status-publish","format-standard","has-post-thumbnail","hentry","category-sin-categoria"],"_links":{"self":[{"href":"https:\/\/www.putaendo.cl\/municipalidad\/wp-json\/wp\/v2\/posts\/3328","targetHints":{"allow":["GET"]}}],"collection":[{"href":"https:\/\/www.putaendo.cl\/municipalidad\/wp-json\/wp\/v2\/posts"}],"about":[{"href":"https:\/\/www.putaendo.cl\/municipalidad\/wp-json\/wp\/v2\/types\/post"}],"author":[{"embeddable":true,"href":"https:\/\/www.putaendo.cl\/municipalidad\/wp-json\/wp\/v2\/users\/1"}],"replies":[{"embeddable":true,"href":"https:\/\/www.putaendo.cl\/municipalidad\/wp-json\/wp\/v2\/comments?post=3328"}],"version-history":[{"count":1,"href":"https:\/\/www.putaendo.cl\/municipalidad\/wp-json\/wp\/v2\/posts\/3328\/revisions"}],"predecessor-version":[{"id":3331,"href":"https:\/\/www.putaendo.cl\/municipalidad\/wp-json\/wp\/v2\/posts\/3328\/revisions\/3331"}],"wp:featuredmedia":[{"embeddable":true,"href":"https:\/\/www.putaendo.cl\/municipalidad\/wp-json\/wp\/v2\/media\/3330"}],"wp:attachment":[{"href":"https:\/\/www.putaendo.cl\/municipalidad\/wp-json\/wp\/v2\/media?parent=3328"}],"wp:term":[{"taxonomy":"category","embeddable":true,"href":"https:\/\/www.putaendo.cl\/municipalidad\/wp-json\/wp\/v2\/categories?post=3328"},{"taxonomy":"post_tag","embeddable":true,"href":"https:\/\/www.putaendo.cl\/municipalidad\/wp-json\/wp\/v2\/tags?post=3328"}],"curies":[{"name":"wp","href":"https:\/\/api.w.org\/{rel}","templated":true}]}}