{"id":3265,"date":"2019-12-11T17:59:46","date_gmt":"2019-12-11T17:59:46","guid":{"rendered":"http:\/\/www.putaendo.cl\/municipalidad\/?p=3265"},"modified":"2019-12-11T17:59:46","modified_gmt":"2019-12-11T17:59:46","slug":"mujeres-de-putaendo-reciben-interesante-taller-sobre-huertos-comunitarios","status":"publish","type":"post","link":"https:\/\/www.putaendo.cl\/municipalidad\/2019\/12\/11\/mujeres-de-putaendo-reciben-interesante-taller-sobre-huertos-comunitarios\/","title":{"rendered":"Mujeres de Putaendo reciben interesante taller sobre \u201chuertos comunitarios\u201d"},"content":{"rendered":"<p>Usuarias del Programa Mujeres Jefas de Hogar de Putaendo participaron de un interesante taller de \u201cHuertos Comunitarios\u201d. \ud83c\udf31<\/p>\n<p>La iniciativa fue ejecutada por la t\u00e9cnico en gesti\u00f3n ambiental, Camila Tapia y la ingeniera ambiental Ana Vald\u00e9s. Ellas pertenecen a \u201cUniversidad Abierta\u201d de la Universidad de Valpara\u00edso.<\/p>\n<p>El curso tuvo como objetivo contribuir al desarrollo de un sistema de producci\u00f3n org\u00e1nica de huertas familiares.<\/p>\n<p>En este sentido, se gener\u00f3 un espacio de participaci\u00f3n ciudadana para el aprendizaje y promoci\u00f3n de saberes vinculados al consumo alimenticio saludable, sostenibilidad urbana y protecci\u00f3n de la biodiversidad.<\/p>\n<p>El taller tiene cuatro m\u00f3dulos donde las involucradas podr\u00e1n compartir conocimientos y experiencias vinculados a la huerta org\u00e1nica y los espacios verdes en \u00e1mbitos de participaci\u00f3n comunitaria.<\/p>\n<p><img loading=\"lazy\" decoding=\"async\" src=\"https:\/\/www.putaendo.cl\/municipalidad\/wp-content\/uploads\/2019\/12\/1-3-1024x683-1024x683.jpg\" alt=\"\" width=\"640\" height=\"427\" class=\"alignnone size-large wp-image-3267\" srcset=\"https:\/\/www.putaendo.cl\/municipalidad\/wp-content\/uploads\/2019\/12\/1-3-1024x683.jpg 1024w, https:\/\/www.putaendo.cl\/municipalidad\/wp-content\/uploads\/2019\/12\/1-3-1024x683-300x200.jpg 300w, https:\/\/www.putaendo.cl\/municipalidad\/wp-content\/uploads\/2019\/12\/1-3-1024x683-768x512.jpg 768w, https:\/\/www.putaendo.cl\/municipalidad\/wp-content\/uploads\/2019\/12\/1-3-1024x683-900x600.jpg 900w\" sizes=\"auto, (max-width: 640px) 100vw, 640px\" \/><\/p>\n<p><img loading=\"lazy\" decoding=\"async\" src=\"https:\/\/www.putaendo.cl\/municipalidad\/wp-content\/uploads\/2019\/12\/2-3-300x200.jpg\" alt=\"\" width=\"300\" height=\"200\" class=\"alignnone size-large wp-image-3268\" \/><\/p>\n<p><img loading=\"lazy\" decoding=\"async\" src=\"https:\/\/www.putaendo.cl\/municipalidad\/wp-content\/uploads\/2019\/12\/3-3-300x200.jpg\" alt=\"\" width=\"300\" height=\"200\" class=\"alignnone size-large wp-image-3269\" \/><\/p>\n<p><img loading=\"lazy\" decoding=\"async\" src=\"https:\/\/www.putaendo.cl\/municipalidad\/wp-content\/uploads\/2019\/12\/4-3-300x200.jpg\" alt=\"\" width=\"300\" height=\"200\" class=\"alignnone size-full wp-image-3270\" \/><\/p>\n","protected":false},"excerpt":{"rendered":"<p>Usuarias del Programa Mujeres Jefas de Hogar de Putaendo participaron de un interesante taller de \u201cHuertos Comunitarios\u201d. \ud83c\udf31 La iniciativa fue ejecutada por la t\u00e9cnico en gesti\u00f3n ambiental, Camila Tapia <a href=\"https:\/\/www.putaendo.cl\/municipalidad\/2019\/12\/11\/mujeres-de-putaendo-reciben-interesante-taller-sobre-huertos-comunitarios\/\" class=\"read-more button-fancy -red\"><span class=\"btn-arrow\"><\/span><span class=\"twp-read-more text\">Continue leyendo<\/span><\/a><\/p>\n","protected":false},"author":1,"featured_media":3266,"comment_status":"open","ping_status":"open","sticky":false,"template":"","format":"standard","meta":{"footnotes":""},"categories":[1],"tags":[],"class_list":["post-3265","post","type-post","status-publish","format-standard","has-post-thumbnail","hentry","category-sin-categoria"],"_links":{"self":[{"href":"https:\/\/www.putaendo.cl\/municipalidad\/wp-json\/wp\/v2\/posts\/3265","targetHints":{"allow":["GET"]}}],"collection":[{"href":"https:\/\/www.putaendo.cl\/municipalidad\/wp-json\/wp\/v2\/posts"}],"about":[{"href":"https:\/\/www.putaendo.cl\/municipalidad\/wp-json\/wp\/v2\/types\/post"}],"author":[{"embeddable":true,"href":"https:\/\/www.putaendo.cl\/municipalidad\/wp-json\/wp\/v2\/users\/1"}],"replies":[{"embeddable":true,"href":"https:\/\/www.putaendo.cl\/municipalidad\/wp-json\/wp\/v2\/comments?post=3265"}],"version-history":[{"count":1,"href":"https:\/\/www.putaendo.cl\/municipalidad\/wp-json\/wp\/v2\/posts\/3265\/revisions"}],"predecessor-version":[{"id":3271,"href":"https:\/\/www.putaendo.cl\/municipalidad\/wp-json\/wp\/v2\/posts\/3265\/revisions\/3271"}],"wp:featuredmedia":[{"embeddable":true,"href":"https:\/\/www.putaendo.cl\/municipalidad\/wp-json\/wp\/v2\/media\/3266"}],"wp:attachment":[{"href":"https:\/\/www.putaendo.cl\/municipalidad\/wp-json\/wp\/v2\/media?parent=3265"}],"wp:term":[{"taxonomy":"category","embeddable":true,"href":"https:\/\/www.putaendo.cl\/municipalidad\/wp-json\/wp\/v2\/categories?post=3265"},{"taxonomy":"post_tag","embeddable":true,"href":"https:\/\/www.putaendo.cl\/municipalidad\/wp-json\/wp\/v2\/tags?post=3265"}],"curies":[{"name":"wp","href":"https:\/\/api.w.org\/{rel}","templated":true}]}}