{"id":3062,"date":"2019-09-26T12:23:30","date_gmt":"2019-09-26T12:23:30","guid":{"rendered":"http:\/\/www.putaendo.cl\/municipalidad\/?p=3062"},"modified":"2019-09-26T12:23:30","modified_gmt":"2019-09-26T12:23:30","slug":"mas-de-50-personas-en-su-mayoria-pertenecientes-a-los-pueblos-mapuche-y-diaguita-llegaron-este-domingo-hasta-el-cesfam-valle-de-los-libertadores-para-conmemorar-el-dia-de-la-mujer-indigena","status":"publish","type":"post","link":"https:\/\/www.putaendo.cl\/municipalidad\/2019\/09\/26\/mas-de-50-personas-en-su-mayoria-pertenecientes-a-los-pueblos-mapuche-y-diaguita-llegaron-este-domingo-hasta-el-cesfam-valle-de-los-libertadores-para-conmemorar-el-dia-de-la-mujer-indigena\/","title":{"rendered":"M\u00e1s de 50 personas, en su mayor\u00eda pertenecientes a los pueblos Mapuche y Diaguita, llegaron este domingo hasta el Cesfam Valle de Los Libertadores para conmemorar el \u201cD\u00eda de la Mujer Ind\u00edgena\u201d.     La actividad fue organizada por la Asociaci\u00f3n Ind\u00edgena Paillacar que, junto a funcionarios del Cesfam, promueven la cultura de los pueblos originarios. El trabajo vinculado es parte del Programa Especial de Salud de Pueblos Ind\u00edgenas (PESPI), que ejecuta el centro de salud familiar de #Putaendo.     \u201cHa sido un d\u00eda s\u00faper especial, muy emotivo. Nos han acompa\u00f1ado desde Catemu, Calle Larga, Llay Llay y Los Andes. Primero hicimos una ceremonia diaguita, un sauma, porque siempre es bueno limpiarnos y con eso despertamos la memoria de nuestra tierra, de nuestros \u00e1rboles. Se destac\u00f3 tambi\u00e9n a mujeres del Valle, porque queremos darles el lugar que se merecen y porque es una lucha muy grande las que estamos dando las mujeres d\u00eda a d\u00eda\u201d, explic\u00f3 Lina L\u00f3pez Aballay, monitora en Salud Ind\u00edgena y representante de la Asociaci\u00f3n Paillacar.     Tal como mencion\u00f3 Lina, la Asociaci\u00f3n Ind\u00edgena Paillacar reconoci\u00f3 la labor de las siguientes mujeres, generando momentos realmente conmovedores:  \u2013 Ver\u00f3nica Barrera, actriz de teatro callejero que lucha por la justicia social y la naturaleza de Aconcagua.  \u2013 Aurora Pailla, destacada mujer mapuche que con mucha sabidur\u00eda ancestral siempre ha compartido su cultura.  \u2013 Rosa Huencho, mujer mapuche integrada hace poco a la Asociaci\u00f3n Ind\u00edgena Paillacar. Es distinguida por su forma de ser muy servicial, atenta y cari\u00f1osa.  \u2013 Patricia Fuentes, luchadora y activista por el medio ambiente. Una mujer que ama profundamente a su pueblo.  \u2013 Mireya Ponce Men\u00e9ndez, directora del Cesfam Valle de Los Libertadores que ha estado permanentemente comprometida con integrar la cosmovisi\u00f3n de los pueblos originarios a la salud primaria de Putaendo.    \u201cComo Cesfam y, como lo ha requerido nuestro alcalde Guillermo Reyes, siempre estamos dispuestos a colaborar con la Asociaci\u00f3n Ind\u00edgena Paillacar. Hemos hecho los esfuerzos para que, de a poco, mapuches y diaguitas de Putaendo puedan tener acercamiento con la salud de sus pueblos originarios. Lo vamos a seguir haciendo con m\u00e1s ganas\u201d, expres\u00f3 la directora Mireya Ponce.       En la oportunidad, se realizaron charlas sobre la importancia y naturaleza medicinal de la placenta para las mujeres. Adem\u00e1s, fue la apertura oficial de la se\u00f1al\u00e9tica mapuche en las diferentes dependencias y\/o sectores del Cesfam Valle de Los Libertadores.  D\u00cdA DE LA MUJER IND\u00cdGENA      Un 5 de septiembre de 1782, Bartolina Sisa, aguerrida defensora Aymara, fue asesinada por el ej\u00e9rcito espa\u00f1ol en la ciudad de La Paz, Bolivia. Actualmente, ese d\u00eda es destinado para rendir tributo a ella y honrar a cada una de las mujeres que han debido luchar por mayor dignidad para sus familias y pueblo.     Para la Asociaci\u00f3n Ind\u00edgena Paillacar, la conmemoraci\u00f3n sirve para recordar y reconocer a todas las mujeres que luchan por una sociedad mejor, que se la juegan por una calidad de vida en armon\u00eda con el medio ambiente y que han mantenido la defensa la cultura, la lengua y la tierra de los pueblos originarios."},"content":{"rendered":"<p><strong>El alcalde Guillermo Reyes valor\u00f3 la iniciativa que hace m\u00e1s llamativo a\u00fan este sector de Putaendo y llam\u00f3 a los habitantes de la comuna a tener cuidado y compromiso con los espacios p\u00fablicos.<\/strong><\/p>\n<p>El pasado fin de semana se inauguraron tres valoradas obras comunales en el Parque Puente Cimbra: la construcci\u00f3n de la cancha de Voley Arena; el nuevo sector de \u00e1reas verdes y jardines; y la habilitaci\u00f3n de servicios higi\u00e9nicos.<\/p>\n<p>Para el alcalde Guillermo Reyes estos tres proyectos comunales vienen a consolidar este reconocido y visitado parque de Putaendo. Un espacio p\u00fablico valorado por la comunidad, que cada semana recibe a cientos de familias y turistas de toda la regi\u00f3n y el pa\u00eds.<\/p>\n<p><strong>TRES PROYECTOS EN EL MISMO LUGAR<\/strong><\/p>\n<p>Particularmente, la construcci\u00f3n del campo de juego para v\u00f3leibol tuvo una inversi\u00f3n municipal de 5 millones de pesos. Consisti\u00f3 en la construccio\u0301n de una estructura en perfileri\u0301a meta\u0301lica y madera impregnada, para delimitar y contener la cancha. Adema\u0301s, las obras contemplaron la instalacio\u0301n de luminarias led.<\/p>\n<p>Este espacio deportivo permanecer\u00e1 abierto para todos quienes deseen practicar esta disciplina.<\/p>\n<p>La instalaci\u00f3n de servicios higi\u00e9nicos tuvo una inversi\u00f3n de 34 millones de pesos, a trav\u00e9s del Fondo Regional de Iniciativa Local (FRIL) y forma parte del mismo proyecto de implementaci\u00f3n de servicios higi\u00e9nicos en el Parque Escult\u00f3rico Cementerio de Carretas.<\/p>\n<p>Finalmente, el proyecto de nueva \u00e1rea verde fue financiado a trav\u00e9s del Programa de Mejoramiento Urbano de la Subdere (PMU), con una inversi\u00f3n superior a los 24 millones de pesos.<\/p>\n<p>Este \u00faltima iniciativa consider\u00f3 la construccio\u0301n de jardines y a\u0301reas de descanso, muros de bloques de hormigo\u0301n, radier afinado, solerillas e instalacio\u0301n de palmetas de pasto de alto tra\u0301fico. Adem\u00e1s, se instalaron luminarias led de piso y dos toldos estructurados por postes de acero, que sostienen telas de polietileno de alta densidad.<\/p>\n<p>Por su parte, el alcalde y el H. Concejo Municipal, llamaron a la ciudadan\u00eda a cuidar estos espacios p\u00fablicos que solo buscan potenciar la vida sana, el deporte y la recreaci\u00f3n familiar.<\/p>\n<p><img loading=\"lazy\" decoding=\"async\" src=\"https:\/\/www.putaendo.cl\/municipalidad\/wp-content\/uploads\/2019\/09\/70743481_2598157803584294_507680995701424128_n.jpg\" alt=\"\" width=\"960\" height=\"640\" class=\"alignnone size-full wp-image-3063\" srcset=\"https:\/\/www.putaendo.cl\/municipalidad\/wp-content\/uploads\/2019\/09\/70743481_2598157803584294_507680995701424128_n.jpg 960w, https:\/\/www.putaendo.cl\/municipalidad\/wp-content\/uploads\/2019\/09\/70743481_2598157803584294_507680995701424128_n-300x200.jpg 300w, https:\/\/www.putaendo.cl\/municipalidad\/wp-content\/uploads\/2019\/09\/70743481_2598157803584294_507680995701424128_n-768x512.jpg 768w, https:\/\/www.putaendo.cl\/municipalidad\/wp-content\/uploads\/2019\/09\/70743481_2598157803584294_507680995701424128_n-900x600.jpg 900w\" sizes=\"auto, (max-width: 960px) 100vw, 960px\" \/><\/p>\n<p><img loading=\"lazy\" decoding=\"async\" src=\"https:\/\/www.putaendo.cl\/municipalidad\/wp-content\/uploads\/2019\/09\/69874109_2598158333584241_5275337127985414144_n.jpg\" alt=\"\" width=\"640\" height=\"427\" class=\"alignnone size-large wp-image-3064\" srcset=\"https:\/\/www.putaendo.cl\/municipalidad\/wp-content\/uploads\/2019\/09\/69874109_2598158333584241_5275337127985414144_n.jpg 960w, https:\/\/www.putaendo.cl\/municipalidad\/wp-content\/uploads\/2019\/09\/69874109_2598158333584241_5275337127985414144_n-300x200.jpg 300w, https:\/\/www.putaendo.cl\/municipalidad\/wp-content\/uploads\/2019\/09\/69874109_2598158333584241_5275337127985414144_n-768x512.jpg 768w, https:\/\/www.putaendo.cl\/municipalidad\/wp-content\/uploads\/2019\/09\/69874109_2598158333584241_5275337127985414144_n-900x600.jpg 900w\" sizes=\"auto, (max-width: 640px) 100vw, 640px\" \/><\/p>\n<p><img loading=\"lazy\" decoding=\"async\" src=\"https:\/\/www.putaendo.cl\/municipalidad\/wp-content\/uploads\/2019\/09\/69858305_2598159886917419_1033175986738298880_n.jpg\" alt=\"\" width=\"640\" height=\"426\" class=\"alignnone size-large wp-image-3065\" srcset=\"https:\/\/www.putaendo.cl\/municipalidad\/wp-content\/uploads\/2019\/09\/69858305_2598159886917419_1033175986738298880_n.jpg 960w, https:\/\/www.putaendo.cl\/municipalidad\/wp-content\/uploads\/2019\/09\/69858305_2598159886917419_1033175986738298880_n-300x200.jpg 300w, https:\/\/www.putaendo.cl\/municipalidad\/wp-content\/uploads\/2019\/09\/69858305_2598159886917419_1033175986738298880_n-768x511.jpg 768w, https:\/\/www.putaendo.cl\/municipalidad\/wp-content\/uploads\/2019\/09\/69858305_2598159886917419_1033175986738298880_n-900x600.jpg 900w\" sizes=\"auto, (max-width: 640px) 100vw, 640px\" \/><\/p>\n<p><img loading=\"lazy\" decoding=\"async\" src=\"https:\/\/www.putaendo.cl\/municipalidad\/wp-content\/uploads\/2019\/09\/70269623_2598160970250644_412851094218080256_n.jpg\" alt=\"\" width=\"640\" height=\"422\" class=\"alignnone size-large wp-image-3066\" srcset=\"https:\/\/www.putaendo.cl\/municipalidad\/wp-content\/uploads\/2019\/09\/70269623_2598160970250644_412851094218080256_n.jpg 960w, https:\/\/www.putaendo.cl\/municipalidad\/wp-content\/uploads\/2019\/09\/70269623_2598160970250644_412851094218080256_n-300x198.jpg 300w, https:\/\/www.putaendo.cl\/municipalidad\/wp-content\/uploads\/2019\/09\/70269623_2598160970250644_412851094218080256_n-768x506.jpg 768w\" sizes=\"auto, (max-width: 640px) 100vw, 640px\" \/><\/p>\n","protected":false},"excerpt":{"rendered":"<p>El alcalde Guillermo Reyes valor\u00f3 la iniciativa que hace m\u00e1s llamativo a\u00fan este sector de Putaendo y llam\u00f3 a los habitantes de la comuna a tener cuidado y compromiso con <a href=\"https:\/\/www.putaendo.cl\/municipalidad\/2019\/09\/26\/mas-de-50-personas-en-su-mayoria-pertenecientes-a-los-pueblos-mapuche-y-diaguita-llegaron-este-domingo-hasta-el-cesfam-valle-de-los-libertadores-para-conmemorar-el-dia-de-la-mujer-indigena\/\" class=\"read-more button-fancy -red\"><span class=\"btn-arrow\"><\/span><span class=\"twp-read-more text\">Continue leyendo<\/span><\/a><\/p>\n","protected":false},"author":1,"featured_media":3067,"comment_status":"open","ping_status":"open","sticky":false,"template":"","format":"standard","meta":{"footnotes":""},"categories":[1],"tags":[],"class_list":["post-3062","post","type-post","status-publish","format-standard","has-post-thumbnail","hentry","category-sin-categoria"],"_links":{"self":[{"href":"https:\/\/www.putaendo.cl\/municipalidad\/wp-json\/wp\/v2\/posts\/3062","targetHints":{"allow":["GET"]}}],"collection":[{"href":"https:\/\/www.putaendo.cl\/municipalidad\/wp-json\/wp\/v2\/posts"}],"about":[{"href":"https:\/\/www.putaendo.cl\/municipalidad\/wp-json\/wp\/v2\/types\/post"}],"author":[{"embeddable":true,"href":"https:\/\/www.putaendo.cl\/municipalidad\/wp-json\/wp\/v2\/users\/1"}],"replies":[{"embeddable":true,"href":"https:\/\/www.putaendo.cl\/municipalidad\/wp-json\/wp\/v2\/comments?post=3062"}],"version-history":[{"count":1,"href":"https:\/\/www.putaendo.cl\/municipalidad\/wp-json\/wp\/v2\/posts\/3062\/revisions"}],"predecessor-version":[{"id":3068,"href":"https:\/\/www.putaendo.cl\/municipalidad\/wp-json\/wp\/v2\/posts\/3062\/revisions\/3068"}],"wp:featuredmedia":[{"embeddable":true,"href":"https:\/\/www.putaendo.cl\/municipalidad\/wp-json\/wp\/v2\/media\/3067"}],"wp:attachment":[{"href":"https:\/\/www.putaendo.cl\/municipalidad\/wp-json\/wp\/v2\/media?parent=3062"}],"wp:term":[{"taxonomy":"category","embeddable":true,"href":"https:\/\/www.putaendo.cl\/municipalidad\/wp-json\/wp\/v2\/categories?post=3062"},{"taxonomy":"post_tag","embeddable":true,"href":"https:\/\/www.putaendo.cl\/municipalidad\/wp-json\/wp\/v2\/tags?post=3062"}],"curies":[{"name":"wp","href":"https:\/\/api.w.org\/{rel}","templated":true}]}}