{"id":3055,"date":"2019-09-26T12:20:52","date_gmt":"2019-09-26T12:20:52","guid":{"rendered":"http:\/\/www.putaendo.cl\/municipalidad\/?p=3055"},"modified":"2019-09-26T12:20:52","modified_gmt":"2019-09-26T12:20:52","slug":"cesfam-y-asociacion-paillacar-conmemoraron-el-dia-de-la-mujer-indigena","status":"publish","type":"post","link":"https:\/\/www.putaendo.cl\/municipalidad\/2019\/09\/26\/cesfam-y-asociacion-paillacar-conmemoraron-el-dia-de-la-mujer-indigena\/","title":{"rendered":"Cesfam y Asociaci\u00f3n Paillacar conmemoraron el D\u00eda de la Mujer Ind\u00edgena"},"content":{"rendered":"<p>M\u00e1s de 50 personas, en su mayor\u00eda pertenecientes a los pueblos Mapuche y Diaguita, llegaron este domingo hasta el Cesfam Valle de Los Libertadores para conmemorar el \u201cD\u00eda de la Mujer Ind\u00edgena\u201d.<\/p>\n<p>La actividad fue organizada por la Asociaci\u00f3n Ind\u00edgena Paillacar que, junto a funcionarios del Cesfam, promueven la cultura de los pueblos originarios. El trabajo vinculado es parte del Programa Especial de Salud de Pueblos Ind\u00edgenas (PESPI), que ejecuta el centro de salud familiar de #Putaendo.<\/p>\n<p><strong>\u201cHa sido un d\u00eda s\u00faper especial, muy emotivo. Nos han acompa\u00f1ado desde Catemu, Calle Larga, Llay Llay y Los Andes. Primero hicimos una ceremonia diaguita, un sauma, porque siempre es bueno limpiarnos y con eso despertamos la memoria de nuestra tierra, de nuestros \u00e1rboles. Se destac\u00f3 tambi\u00e9n a mujeres del Valle, porque queremos darles el lugar que se merecen y porque es una lucha muy grande las que estamos dando las mujeres d\u00eda a d\u00eda\u201d<\/strong>, explic\u00f3 Lina L\u00f3pez Aballay, monitora en Salud Ind\u00edgena y representante de la Asociaci\u00f3n Paillacar.<\/p>\n<p>Tal como mencion\u00f3 Lina, la Asociaci\u00f3n Ind\u00edgena Paillacar reconoci\u00f3 la labor de las siguientes mujeres, generando momentos realmente conmovedores:<\/p>\n<p>\u2013 Ver\u00f3nica Barrera, actriz de teatro callejero que lucha por la justicia social y la naturaleza de Aconcagua.<\/p>\n<p>\u2013 Aurora Pailla, destacada mujer mapuche que con mucha sabidur\u00eda ancestral siempre ha compartido su cultura.<\/p>\n<p>\u2013 Rosa Huencho, mujer mapuche integrada hace poco a la Asociaci\u00f3n Ind\u00edgena Paillacar. Es distinguida por su forma de ser muy servicial, atenta y cari\u00f1osa.<\/p>\n<p>\u2013 Patricia Fuentes, luchadora y activista por el medio ambiente. Una mujer que ama profundamente a su pueblo.<\/p>\n<p>\u2013 Mireya Ponce Men\u00e9ndez, directora del Cesfam Valle de Los Libertadores que ha estado permanentemente comprometida con integrar la cosmovisi\u00f3n de los pueblos originarios a la salud primaria de Putaendo.<\/p>\n<p><strong>\u201cComo Cesfam y, como lo ha requerido nuestro alcalde Guillermo Reyes, siempre estamos dispuestos a colaborar con la Asociaci\u00f3n Ind\u00edgena Paillacar. Hemos hecho los esfuerzos para que, de a poco, mapuches y diaguitas de Putaendo puedan tener acercamiento con la salud de sus pueblos originarios. Lo vamos a seguir haciendo con m\u00e1s ganas\u201d<\/strong>, expres\u00f3 la directora Mireya Ponce.<\/p>\n<p>En la oportunidad, se realizaron charlas sobre la importancia y naturaleza medicinal de la placenta para las mujeres. Adem\u00e1s, fue la apertura oficial de la se\u00f1al\u00e9tica mapuche en las diferentes dependencias y\/o sectores del Cesfam Valle de Los Libertadores.<\/p>\n<p><strong>D\u00cdA DE LA MUJER IND\u00cdGENA<\/strong><\/p>\n<p>Un 5 de septiembre de 1782, Bartolina Sisa, aguerrida defensora Aymara, fue asesinada por el ej\u00e9rcito espa\u00f1ol en la ciudad de La Paz, Bolivia. Actualmente, ese d\u00eda es destinado para rendir tributo a ella y honrar a cada una de las mujeres que han debido luchar por mayor dignidad para sus familias y pueblo.<\/p>\n<p>Para la Asociaci\u00f3n Ind\u00edgena Paillacar, la conmemoraci\u00f3n sirve para recordar y reconocer a todas las mujeres que luchan por una sociedad mejor, que se la juegan por una calidad de vida en armon\u00eda con el medio ambiente y que han mantenido la defensa la cultura, la lengua y la tierra de los pueblos originarios.<\/p>\n<p><img loading=\"lazy\" decoding=\"async\" src=\"https:\/\/www.putaendo.cl\/municipalidad\/wp-content\/uploads\/2019\/09\/4-4-1024x683-1024x683.jpg\" alt=\"\" width=\"640\" height=\"427\" class=\"alignnone size-large wp-image-3056\" srcset=\"https:\/\/www.putaendo.cl\/municipalidad\/wp-content\/uploads\/2019\/09\/4-4-1024x683.jpg 1024w, https:\/\/www.putaendo.cl\/municipalidad\/wp-content\/uploads\/2019\/09\/4-4-1024x683-300x200.jpg 300w, https:\/\/www.putaendo.cl\/municipalidad\/wp-content\/uploads\/2019\/09\/4-4-1024x683-768x512.jpg 768w, https:\/\/www.putaendo.cl\/municipalidad\/wp-content\/uploads\/2019\/09\/4-4-1024x683-900x600.jpg 900w\" sizes=\"auto, (max-width: 640px) 100vw, 640px\" \/><\/p>\n<p><img loading=\"lazy\" decoding=\"async\" src=\"https:\/\/www.putaendo.cl\/municipalidad\/wp-content\/uploads\/2019\/09\/3-3-1024x683-1024x683.jpg\" alt=\"\" width=\"640\" height=\"427\" class=\"alignnone size-large wp-image-3057\" srcset=\"https:\/\/www.putaendo.cl\/municipalidad\/wp-content\/uploads\/2019\/09\/3-3-1024x683.jpg 1024w, https:\/\/www.putaendo.cl\/municipalidad\/wp-content\/uploads\/2019\/09\/3-3-1024x683-300x200.jpg 300w, https:\/\/www.putaendo.cl\/municipalidad\/wp-content\/uploads\/2019\/09\/3-3-1024x683-768x512.jpg 768w, https:\/\/www.putaendo.cl\/municipalidad\/wp-content\/uploads\/2019\/09\/3-3-1024x683-900x600.jpg 900w\" sizes=\"auto, (max-width: 640px) 100vw, 640px\" \/><\/p>\n<p><img loading=\"lazy\" decoding=\"async\" src=\"https:\/\/www.putaendo.cl\/municipalidad\/wp-content\/uploads\/2019\/09\/2-5-1024x683-1024x683.jpg\" alt=\"\" width=\"640\" height=\"427\" class=\"alignnone size-large wp-image-3058\" srcset=\"https:\/\/www.putaendo.cl\/municipalidad\/wp-content\/uploads\/2019\/09\/2-5-1024x683.jpg 1024w, https:\/\/www.putaendo.cl\/municipalidad\/wp-content\/uploads\/2019\/09\/2-5-1024x683-300x200.jpg 300w, https:\/\/www.putaendo.cl\/municipalidad\/wp-content\/uploads\/2019\/09\/2-5-1024x683-768x512.jpg 768w, https:\/\/www.putaendo.cl\/municipalidad\/wp-content\/uploads\/2019\/09\/2-5-1024x683-900x600.jpg 900w\" sizes=\"auto, (max-width: 640px) 100vw, 640px\" \/><\/p>\n<p><img loading=\"lazy\" decoding=\"async\" src=\"https:\/\/www.putaendo.cl\/municipalidad\/wp-content\/uploads\/2019\/09\/1-8-1024x683-1024x683.jpg\" alt=\"\" width=\"640\" height=\"427\" class=\"alignnone size-large wp-image-3059\" srcset=\"https:\/\/www.putaendo.cl\/municipalidad\/wp-content\/uploads\/2019\/09\/1-8-1024x683.jpg 1024w, https:\/\/www.putaendo.cl\/municipalidad\/wp-content\/uploads\/2019\/09\/1-8-1024x683-300x200.jpg 300w, https:\/\/www.putaendo.cl\/municipalidad\/wp-content\/uploads\/2019\/09\/1-8-1024x683-768x512.jpg 768w, https:\/\/www.putaendo.cl\/municipalidad\/wp-content\/uploads\/2019\/09\/1-8-1024x683-900x600.jpg 900w\" sizes=\"auto, (max-width: 640px) 100vw, 640px\" \/><\/p>\n","protected":false},"excerpt":{"rendered":"<p>M\u00e1s de 50 personas, en su mayor\u00eda pertenecientes a los pueblos Mapuche y Diaguita, llegaron este domingo hasta el Cesfam Valle de Los Libertadores para conmemorar el \u201cD\u00eda de la <a href=\"https:\/\/www.putaendo.cl\/municipalidad\/2019\/09\/26\/cesfam-y-asociacion-paillacar-conmemoraron-el-dia-de-la-mujer-indigena\/\" class=\"read-more button-fancy -red\"><span class=\"btn-arrow\"><\/span><span class=\"twp-read-more text\">Continue leyendo<\/span><\/a><\/p>\n","protected":false},"author":1,"featured_media":3060,"comment_status":"open","ping_status":"open","sticky":false,"template":"","format":"standard","meta":{"footnotes":""},"categories":[1],"tags":[],"class_list":["post-3055","post","type-post","status-publish","format-standard","has-post-thumbnail","hentry","category-sin-categoria"],"_links":{"self":[{"href":"https:\/\/www.putaendo.cl\/municipalidad\/wp-json\/wp\/v2\/posts\/3055","targetHints":{"allow":["GET"]}}],"collection":[{"href":"https:\/\/www.putaendo.cl\/municipalidad\/wp-json\/wp\/v2\/posts"}],"about":[{"href":"https:\/\/www.putaendo.cl\/municipalidad\/wp-json\/wp\/v2\/types\/post"}],"author":[{"embeddable":true,"href":"https:\/\/www.putaendo.cl\/municipalidad\/wp-json\/wp\/v2\/users\/1"}],"replies":[{"embeddable":true,"href":"https:\/\/www.putaendo.cl\/municipalidad\/wp-json\/wp\/v2\/comments?post=3055"}],"version-history":[{"count":1,"href":"https:\/\/www.putaendo.cl\/municipalidad\/wp-json\/wp\/v2\/posts\/3055\/revisions"}],"predecessor-version":[{"id":3061,"href":"https:\/\/www.putaendo.cl\/municipalidad\/wp-json\/wp\/v2\/posts\/3055\/revisions\/3061"}],"wp:featuredmedia":[{"embeddable":true,"href":"https:\/\/www.putaendo.cl\/municipalidad\/wp-json\/wp\/v2\/media\/3060"}],"wp:attachment":[{"href":"https:\/\/www.putaendo.cl\/municipalidad\/wp-json\/wp\/v2\/media?parent=3055"}],"wp:term":[{"taxonomy":"category","embeddable":true,"href":"https:\/\/www.putaendo.cl\/municipalidad\/wp-json\/wp\/v2\/categories?post=3055"},{"taxonomy":"post_tag","embeddable":true,"href":"https:\/\/www.putaendo.cl\/municipalidad\/wp-json\/wp\/v2\/tags?post=3055"}],"curies":[{"name":"wp","href":"https:\/\/api.w.org\/{rel}","templated":true}]}}