{"id":3004,"date":"2019-07-19T14:25:48","date_gmt":"2019-07-19T14:25:48","guid":{"rendered":"http:\/\/www.putaendo.cl\/municipalidad\/?p=3004"},"modified":"2019-07-19T14:25:48","modified_gmt":"2019-07-19T14:25:48","slug":"adultos-mayores-de-putaendo-invitan-a-participar-del-concurso-confieso-que-he-vivido-del-senama","status":"publish","type":"post","link":"https:\/\/www.putaendo.cl\/municipalidad\/2019\/07\/19\/adultos-mayores-de-putaendo-invitan-a-participar-del-concurso-confieso-que-he-vivido-del-senama\/","title":{"rendered":"Adultos Mayores de Putaendo invitan a participar del concurso \u201cConfieso que he Vivido\u201d del Senama"},"content":{"rendered":"<p>Como una forma de motivar a los adultos mayores a tener m\u00e1s creatividad e independencia, un grupo de ellos, perteneciente a Putaendo, invit\u00f3 a sus pares a participar del concurso \u201cConfieso que he Vivido\u201d.<\/p>\n<p>La iniciativa es organizada por el Servicio Nacional del Adulto Mayor(SENAMA). En el caso de Putaendo, la Oficina Municipal del Adulto Mayor, junto al Cesfam Valle de Los Libertadores, el Centro Cultural de Putaendo y la Uni\u00f3n Comunal de Adultos Mayores se unieron para promover la escritura.<\/p>\n<p>El Taller Sociocultural del Cesfam jug\u00f3 un papel important\u00edsimo, pues dos de sus integrantes pudieron exponer sus obras literarias el p\u00fablico.<\/p>\n<p><strong>\u201cNosotros creemos que este tipo de iniciativas sirven para fortalecer el envejecimiento positivo y satisfactorio. Cultura, educaci\u00f3n y salud se trabajan en conjunto y los adultos mayores son protagonistas de un cambio cultural sobre la vejez\u201d<\/strong>, expres\u00f3 Dania \u00c1lvarez, educadora para la Salud del Cesfam.<\/p>\n<p>A la iniciativa asisti\u00f3 el administrador municipal Fabi\u00e1n Mu\u00f1oz; la DIDECO, Carolina L\u00f3pez; la presidenta de la Uni\u00f3n Comunal del Adulto Mayor, Irma Mena; personeros de la Gobernaci\u00f3n de San Felipe y del SENAMA; adem\u00e1s de adultos mayores de Putaendo y Santa Mar\u00eda.<\/p>\n<p>El concurso es abierto a todos los adultos mayores del pa\u00eds y tiene por objetivo que ellos cuenten su autobiograf\u00eda o alguna parte importante de sus vidas.<\/p>\n<p>Para m\u00e1s informaciones del concurso, hacer click en el siguiente enlace:<br \/>\n<a href=\"https:\/\/www.putaendo.cl\/municipalidad\/wp-content\/uploads\/2019\/07\/BASES_CONFIESO_QUE_HE_VIVIDO_2019_FINAL.pdf\">BASES_CONFIESO_QUE_HE_VIVIDO_2019_FINAL<\/a><\/p>\n<p><img loading=\"lazy\" decoding=\"async\" src=\"https:\/\/www.putaendo.cl\/municipalidad\/wp-content\/uploads\/2019\/07\/66379721_2472133979520011_5422027891984564224_n.jpg\" alt=\"\" width=\"960\" height=\"640\" class=\"alignnone size-full wp-image-3006\" srcset=\"https:\/\/www.putaendo.cl\/municipalidad\/wp-content\/uploads\/2019\/07\/66379721_2472133979520011_5422027891984564224_n.jpg 960w, https:\/\/www.putaendo.cl\/municipalidad\/wp-content\/uploads\/2019\/07\/66379721_2472133979520011_5422027891984564224_n-300x200.jpg 300w, https:\/\/www.putaendo.cl\/municipalidad\/wp-content\/uploads\/2019\/07\/66379721_2472133979520011_5422027891984564224_n-768x512.jpg 768w, https:\/\/www.putaendo.cl\/municipalidad\/wp-content\/uploads\/2019\/07\/66379721_2472133979520011_5422027891984564224_n-900x600.jpg 900w\" sizes=\"auto, (max-width: 960px) 100vw, 960px\" \/><\/p>\n<p><img loading=\"lazy\" decoding=\"async\" src=\"https:\/\/www.putaendo.cl\/municipalidad\/wp-content\/uploads\/2019\/07\/66278383_2472134436186632_4803935914306830336_n.jpg\" alt=\"\" width=\"640\" height=\"427\" class=\"alignnone size-large wp-image-3007\" srcset=\"https:\/\/www.putaendo.cl\/municipalidad\/wp-content\/uploads\/2019\/07\/66278383_2472134436186632_4803935914306830336_n.jpg 960w, https:\/\/www.putaendo.cl\/municipalidad\/wp-content\/uploads\/2019\/07\/66278383_2472134436186632_4803935914306830336_n-300x200.jpg 300w, https:\/\/www.putaendo.cl\/municipalidad\/wp-content\/uploads\/2019\/07\/66278383_2472134436186632_4803935914306830336_n-768x512.jpg 768w, https:\/\/www.putaendo.cl\/municipalidad\/wp-content\/uploads\/2019\/07\/66278383_2472134436186632_4803935914306830336_n-900x600.jpg 900w\" sizes=\"auto, (max-width: 640px) 100vw, 640px\" \/><\/p>\n<p><img loading=\"lazy\" decoding=\"async\" src=\"https:\/\/www.putaendo.cl\/municipalidad\/wp-content\/uploads\/2019\/07\/66243770_2472134236186652_1848830391243243520_n.jpg\" alt=\"\" width=\"640\" height=\"427\" class=\"alignnone size-large wp-image-3008\" srcset=\"https:\/\/www.putaendo.cl\/municipalidad\/wp-content\/uploads\/2019\/07\/66243770_2472134236186652_1848830391243243520_n.jpg 960w, https:\/\/www.putaendo.cl\/municipalidad\/wp-content\/uploads\/2019\/07\/66243770_2472134236186652_1848830391243243520_n-300x200.jpg 300w, https:\/\/www.putaendo.cl\/municipalidad\/wp-content\/uploads\/2019\/07\/66243770_2472134236186652_1848830391243243520_n-768x512.jpg 768w, https:\/\/www.putaendo.cl\/municipalidad\/wp-content\/uploads\/2019\/07\/66243770_2472134236186652_1848830391243243520_n-900x600.jpg 900w\" sizes=\"auto, (max-width: 640px) 100vw, 640px\" \/><\/p>\n","protected":false},"excerpt":{"rendered":"<p>Como una forma de motivar a los adultos mayores a tener m\u00e1s creatividad e independencia, un grupo de ellos, perteneciente a Putaendo, invit\u00f3 a sus pares a participar del concurso <a href=\"https:\/\/www.putaendo.cl\/municipalidad\/2019\/07\/19\/adultos-mayores-de-putaendo-invitan-a-participar-del-concurso-confieso-que-he-vivido-del-senama\/\" class=\"read-more button-fancy -red\"><span class=\"btn-arrow\"><\/span><span class=\"twp-read-more text\">Continue leyendo<\/span><\/a><\/p>\n","protected":false},"author":1,"featured_media":3009,"comment_status":"open","ping_status":"open","sticky":false,"template":"","format":"standard","meta":{"footnotes":""},"categories":[1],"tags":[],"class_list":["post-3004","post","type-post","status-publish","format-standard","has-post-thumbnail","hentry","category-sin-categoria"],"_links":{"self":[{"href":"https:\/\/www.putaendo.cl\/municipalidad\/wp-json\/wp\/v2\/posts\/3004","targetHints":{"allow":["GET"]}}],"collection":[{"href":"https:\/\/www.putaendo.cl\/municipalidad\/wp-json\/wp\/v2\/posts"}],"about":[{"href":"https:\/\/www.putaendo.cl\/municipalidad\/wp-json\/wp\/v2\/types\/post"}],"author":[{"embeddable":true,"href":"https:\/\/www.putaendo.cl\/municipalidad\/wp-json\/wp\/v2\/users\/1"}],"replies":[{"embeddable":true,"href":"https:\/\/www.putaendo.cl\/municipalidad\/wp-json\/wp\/v2\/comments?post=3004"}],"version-history":[{"count":1,"href":"https:\/\/www.putaendo.cl\/municipalidad\/wp-json\/wp\/v2\/posts\/3004\/revisions"}],"predecessor-version":[{"id":3010,"href":"https:\/\/www.putaendo.cl\/municipalidad\/wp-json\/wp\/v2\/posts\/3004\/revisions\/3010"}],"wp:featuredmedia":[{"embeddable":true,"href":"https:\/\/www.putaendo.cl\/municipalidad\/wp-json\/wp\/v2\/media\/3009"}],"wp:attachment":[{"href":"https:\/\/www.putaendo.cl\/municipalidad\/wp-json\/wp\/v2\/media?parent=3004"}],"wp:term":[{"taxonomy":"category","embeddable":true,"href":"https:\/\/www.putaendo.cl\/municipalidad\/wp-json\/wp\/v2\/categories?post=3004"},{"taxonomy":"post_tag","embeddable":true,"href":"https:\/\/www.putaendo.cl\/municipalidad\/wp-json\/wp\/v2\/tags?post=3004"}],"curies":[{"name":"wp","href":"https:\/\/api.w.org\/{rel}","templated":true}]}}