{"id":2983,"date":"2019-07-19T13:14:20","date_gmt":"2019-07-19T13:14:20","guid":{"rendered":"http:\/\/www.putaendo.cl\/municipalidad\/?p=2983"},"modified":"2019-07-19T13:14:20","modified_gmt":"2019-07-19T13:14:20","slug":"cientos-de-adolescentes-participaron-del-exitoso-puente-a-la-consciencia-la-prevencion-y-estilos-de-vida-saludables","status":"publish","type":"post","link":"https:\/\/www.putaendo.cl\/municipalidad\/2019\/07\/19\/cientos-de-adolescentes-participaron-del-exitoso-puente-a-la-consciencia-la-prevencion-y-estilos-de-vida-saludables\/","title":{"rendered":"Cientos de adolescentes participaron del exitoso \u201cPuente a la Consciencia, la Prevenci\u00f3n y Estilos de Vida Saludables\u201d"},"content":{"rendered":"<p><strong>El alcalde Guillermo Reyes valor\u00f3 la actividad organizada por el Senda Previene de Putaendo, que logr\u00f3 reunir a una gran cantidad de j\u00f3venes en una tarde entretenida enfocada en la prevenci\u00f3n del consumo de drogas y alcohol.<\/strong><\/p>\n<p>El Parque Puente Cimbra fue el lugar hasta donde llegaron j\u00f3venes y familias completas para disfrutar del primer \u201cPuente a la Consciencia, la Prevenci\u00f3n y Estilos de Vida Saludables\u201d.<\/p>\n<p>El evento organizado por el Senda Previene de Putaendo, tuvo como p\u00fablico objetivo a estudiantes secundarios, en el marco del <strong>\u201cD\u00eda Internacional de la lucha contra el uso indebido y el tr\u00e1fico il\u00edcito de drogas<\/strong>\u201d.<\/p>\n<p>El alcalde Guillermo Reyes tambi\u00e9n particip\u00f3 y valor\u00f3 la instancia donde los adolescentes fueron protagonistas en esta intervenci\u00f3n de los espacios p\u00fablicos.<\/p>\n<p><strong>\u201cLa verdad es que estamos muy contentos por la gran cantidad de j\u00f3venes que han llegado a pasar una tarde agradable sin el consumo de drogas y alcohol. Hay un esfuerzo de los funcionarios municipales y del Senda, que permanentemente est\u00e1 realizando acciones para que ni\u00f1as y ni\u00f1os eviten las drogas y se diviertan sanamente\u201d<\/strong>, expres\u00f3 la m\u00e1xima autoridad comunal.<\/p>\n<p>Para tales efectos, se instal\u00f3 una verdadera feria en el parque. Ah\u00ed los j\u00f3venes pod\u00edan expresar sus inquietudes, a trav\u00e9s de un buz\u00f3n de los sue\u00f1os o con un mini taller de murales.<\/p>\n<p>A su vez, pod\u00edan asistir a actividades con macrame, alimentaci\u00f3n saludable, informaci\u00f3n sobre infecciones de transmisi\u00f3n sexual, medio ambiente, diversidad de g\u00e9nero y prevenci\u00f3n de alcohol y drogas. En este \u00faltimo punto, destac\u00f3 un stand donde Carabineros y funcionarios municipales serv\u00edan bebestibles sin alcohol a los asistentes.<\/p>\n<p>ANFITEATRO CON M\u00daSICA JUVENIL<\/p>\n<p>Adem\u00e1s, en el escenario del parque se presentaron bandas en vivo como el conjunto del Colegio Marie Poussepin, \u201cRebenke\u201d y \u201cLa Timba Suena\u201d. El rap tambi\u00e9n tuvo su espacio con las llamadas \u201cBatallas de Gallos\u201d con los mismos adolescentes como protagonistas.<\/p>\n<p><strong>\u201cCreemos que esta actividad result\u00f3 con todo \u00e9xito, con mucha afluencia de p\u00fablico joven que era la proyecci\u00f3n que nosotros nos hab\u00edamos hecho. La invitaci\u00f3n fue pensada en los j\u00f3venes de ense\u00f1anza media de primero a cuarto medio. Hicimos una convocatoria sala a sala por los cuatro establecimientos que tienen ense\u00f1anza media y tuvimos bonitos resultados, en el sentido de que lleg\u00f3 la gente que nosotros quer\u00edamos que viniera\u201d<\/strong>, manifest\u00f3 Fernando Ovando, coordinador comunal del programa Senda Previene.<\/p>\n<p>El Senda Previene agradeci\u00f3 la asistencia de funcionarios municipales, del Cesfam Valle de Los Libertadores, del grupo preventivo \u201cDesayunos Callejeros\u201d del Liceo Manuel Mar\u00edn Fritis, de la Agrupaci\u00f3n Femenina Say\u00e9n, de la Unidad de Medio Ambiente Municipal, de Carabineros de Chile, de la Direcci\u00f3n de Desarrollo Comunitario, de comerciantes de Putaendo, Bomberos y todos aquellos que participaron de tan llamativa jornada.<\/p>\n<p><img loading=\"lazy\" decoding=\"async\" src=\"https:\/\/www.putaendo.cl\/municipalidad\/wp-content\/uploads\/2019\/07\/4-1024x683-1024x683.jpg\" alt=\"\" width=\"640\" height=\"427\" class=\"alignnone size-large wp-image-2984\" srcset=\"https:\/\/www.putaendo.cl\/municipalidad\/wp-content\/uploads\/2019\/07\/4-1024x683.jpg 1024w, https:\/\/www.putaendo.cl\/municipalidad\/wp-content\/uploads\/2019\/07\/4-1024x683-300x200.jpg 300w, https:\/\/www.putaendo.cl\/municipalidad\/wp-content\/uploads\/2019\/07\/4-1024x683-768x512.jpg 768w, https:\/\/www.putaendo.cl\/municipalidad\/wp-content\/uploads\/2019\/07\/4-1024x683-900x600.jpg 900w\" sizes=\"auto, (max-width: 640px) 100vw, 640px\" \/><\/p>\n<p><img loading=\"lazy\" decoding=\"async\" src=\"https:\/\/www.putaendo.cl\/municipalidad\/wp-content\/uploads\/2019\/07\/2-1-1024x683-1024x683.jpg\" alt=\"\" width=\"640\" height=\"427\" class=\"alignnone size-large wp-image-2985\" srcset=\"https:\/\/www.putaendo.cl\/municipalidad\/wp-content\/uploads\/2019\/07\/2-1-1024x683.jpg 1024w, https:\/\/www.putaendo.cl\/municipalidad\/wp-content\/uploads\/2019\/07\/2-1-1024x683-300x200.jpg 300w, https:\/\/www.putaendo.cl\/municipalidad\/wp-content\/uploads\/2019\/07\/2-1-1024x683-768x512.jpg 768w, https:\/\/www.putaendo.cl\/municipalidad\/wp-content\/uploads\/2019\/07\/2-1-1024x683-900x600.jpg 900w\" sizes=\"auto, (max-width: 640px) 100vw, 640px\" \/><\/p>\n<p><img loading=\"lazy\" decoding=\"async\" src=\"https:\/\/www.putaendo.cl\/municipalidad\/wp-content\/uploads\/2019\/07\/1-1-1024x683-1024x683.jpg\" alt=\"\" width=\"640\" height=\"427\" class=\"alignnone size-large wp-image-2986\" srcset=\"https:\/\/www.putaendo.cl\/municipalidad\/wp-content\/uploads\/2019\/07\/1-1-1024x683.jpg 1024w, https:\/\/www.putaendo.cl\/municipalidad\/wp-content\/uploads\/2019\/07\/1-1-1024x683-300x200.jpg 300w, https:\/\/www.putaendo.cl\/municipalidad\/wp-content\/uploads\/2019\/07\/1-1-1024x683-768x512.jpg 768w, https:\/\/www.putaendo.cl\/municipalidad\/wp-content\/uploads\/2019\/07\/1-1-1024x683-900x600.jpg 900w\" sizes=\"auto, (max-width: 640px) 100vw, 640px\" \/><\/p>\n<p><img loading=\"lazy\" decoding=\"async\" src=\"https:\/\/www.putaendo.cl\/municipalidad\/wp-content\/uploads\/2019\/07\/0-1024x683-1024x683.jpg\" alt=\"\" width=\"640\" height=\"427\" class=\"alignnone size-large wp-image-2987\" srcset=\"https:\/\/www.putaendo.cl\/municipalidad\/wp-content\/uploads\/2019\/07\/0-1024x683.jpg 1024w, https:\/\/www.putaendo.cl\/municipalidad\/wp-content\/uploads\/2019\/07\/0-1024x683-300x200.jpg 300w, https:\/\/www.putaendo.cl\/municipalidad\/wp-content\/uploads\/2019\/07\/0-1024x683-768x512.jpg 768w, https:\/\/www.putaendo.cl\/municipalidad\/wp-content\/uploads\/2019\/07\/0-1024x683-900x600.jpg 900w\" sizes=\"auto, (max-width: 640px) 100vw, 640px\" \/><\/p>\n","protected":false},"excerpt":{"rendered":"<p>El alcalde Guillermo Reyes valor\u00f3 la actividad organizada por el Senda Previene de Putaendo, que logr\u00f3 reunir a una gran cantidad de j\u00f3venes en una tarde entretenida enfocada en la <a href=\"https:\/\/www.putaendo.cl\/municipalidad\/2019\/07\/19\/cientos-de-adolescentes-participaron-del-exitoso-puente-a-la-consciencia-la-prevencion-y-estilos-de-vida-saludables\/\" class=\"read-more button-fancy -red\"><span class=\"btn-arrow\"><\/span><span class=\"twp-read-more text\">Continue leyendo<\/span><\/a><\/p>\n","protected":false},"author":1,"featured_media":2988,"comment_status":"open","ping_status":"open","sticky":false,"template":"","format":"standard","meta":{"footnotes":""},"categories":[1],"tags":[],"class_list":["post-2983","post","type-post","status-publish","format-standard","has-post-thumbnail","hentry","category-sin-categoria"],"_links":{"self":[{"href":"https:\/\/www.putaendo.cl\/municipalidad\/wp-json\/wp\/v2\/posts\/2983","targetHints":{"allow":["GET"]}}],"collection":[{"href":"https:\/\/www.putaendo.cl\/municipalidad\/wp-json\/wp\/v2\/posts"}],"about":[{"href":"https:\/\/www.putaendo.cl\/municipalidad\/wp-json\/wp\/v2\/types\/post"}],"author":[{"embeddable":true,"href":"https:\/\/www.putaendo.cl\/municipalidad\/wp-json\/wp\/v2\/users\/1"}],"replies":[{"embeddable":true,"href":"https:\/\/www.putaendo.cl\/municipalidad\/wp-json\/wp\/v2\/comments?post=2983"}],"version-history":[{"count":1,"href":"https:\/\/www.putaendo.cl\/municipalidad\/wp-json\/wp\/v2\/posts\/2983\/revisions"}],"predecessor-version":[{"id":2989,"href":"https:\/\/www.putaendo.cl\/municipalidad\/wp-json\/wp\/v2\/posts\/2983\/revisions\/2989"}],"wp:featuredmedia":[{"embeddable":true,"href":"https:\/\/www.putaendo.cl\/municipalidad\/wp-json\/wp\/v2\/media\/2988"}],"wp:attachment":[{"href":"https:\/\/www.putaendo.cl\/municipalidad\/wp-json\/wp\/v2\/media?parent=2983"}],"wp:term":[{"taxonomy":"category","embeddable":true,"href":"https:\/\/www.putaendo.cl\/municipalidad\/wp-json\/wp\/v2\/categories?post=2983"},{"taxonomy":"post_tag","embeddable":true,"href":"https:\/\/www.putaendo.cl\/municipalidad\/wp-json\/wp\/v2\/tags?post=2983"}],"curies":[{"name":"wp","href":"https:\/\/api.w.org\/{rel}","templated":true}]}}